{"id":8677,"date":"2023-01-06T16:00:00","date_gmt":"2023-01-06T14:00:00","guid":{"rendered":"https:\/\/butopea.com\/mlc\/?p=8677"},"modified":"2023-01-03T15:49:26","modified_gmt":"2023-01-03T13:49:26","slug":"2023-trendjei-a-lakberendezesben","status":"publish","type":"post","link":"https:\/\/butopea.com\/mlc\/2023-trendjei-a-lakberendezesben\/","title":{"rendered":"2023 tredjei a lakberendez\u00e9sben"},"content":{"rendered":"\n<p>\u00cdgy \u00e9v elej\u00e9n mindig izgalmas r\u00e1pillantani, hogy mit \u00edg\u00e9rnek id\u00e9nre a designer lakberendez\u0151k, vajon hogyan alakulnak 2023 trendjei. Igyeksz\u00fcnk olyan ir\u00e1nyokat bemutatni itt, amikb\u0151l mindenki tud inspir\u00e1l\u00f3dni. Teh\u00e1t nem a f\u00f6ldt\u0151l elrugaszkodott, nehezen megval\u00f3s\u00edthat\u00f3 \u00f6tletek j\u00f6nnek, hanem olyanok, amelyeket b\u00e1rki felhaszn\u00e1lhat a saj\u00e1t otthon\u00e1ban, el\u00e9rhet\u0151 \u00e1ron. Lesz k\u00f6zt\u00fck olyan, amihez csak egy-egy egyszer\u0171bb elemet kell lecser\u00e9lni az otthonodban, \u00e9s olyan is, amire m\u00e1r a fel\u00faj\u00edt\u00e1s vagy \u00e9p\u00edtkez\u00e9s sor\u00e1n gondolni kell. Rem\u00e9lj\u00fck tal\u00e1lsz sz\u00e1modra is \u00e9rdekes, inspir\u00e1l\u00f3 \u00f6tletet.<\/p>\n\n\n\n<h2 class=\"wp-block-heading\">1. Lekerek\u00edtett form\u00e1k<\/h2>\n\n\n\n<p>Egy p\u00e1r \u00e9ve m\u00e1r l\u00e1thatjuk azt az ir\u00e1nyt, hogy a sz\u00f6gletes, kim\u00e9rt vonalak helyett ink\u00e1bb bar\u00e1ts\u00e1gosabb lekerek\u00edtett vonalakat haszn\u00e1lnak a b\u00fatortervez\u0151k. Kor\u00e1bban ink\u00e1bb a high-end designer b\u00fatorok k\u00f6z\u00f6tt tal\u00e1ltunk ilyen b\u00fatorokb\u00f3l sz\u00e9les v\u00e1laszt\u00e9kot, azonban mostanra m\u00e1r a n\u00e9pszer\u0171s\u00e9g\u00fcknek k\u00f6sz\u00f6nhet\u0151en, sz\u00e9les k\u00f6rben el\u00e9rhet\u0151ek. A tulip\u00e1n- vagy toj\u00e1ssz\u00e9k, a kagyl\u00f3 alak\u00fa fotel, a kerek\u00edtett sz\u0151nyegek m\u00e1r egyre klasszikusabb darabok, de egyre ink\u00e1bb megjelennek a lekerek\u00edtett form\u00e1k a t\u00e1rol\u00f3b\u00fatorok, \u00e9jjeliszekr\u00e9nyek eset\u00e9ben is.<\/p>\n\n\n\n<figure class=\"wp-block-gallery has-nested-images columns-default is-cropped wp-block-gallery-1 is-layout-flex wp-block-gallery-is-layout-flex\">\n<figure class=\"wp-block-image size-full\"><img loading=\"lazy\" decoding=\"async\" width=\"1024\" height=\"1024\" data-id=\"8680\" src=\"https:\/\/butopea.com\/mlc\/wp-content\/uploads\/2023\/01\/deja-187768d_2.jpg\" alt=\"2023 trendjei\" class=\"wp-image-8680\" srcset=\"https:\/\/butopea.com\/mlc\/wp-content\/uploads\/2023\/01\/deja-187768d_2.jpg 1024w, https:\/\/butopea.com\/mlc\/wp-content\/uploads\/2023\/01\/deja-187768d_2-768x768.jpg 768w, https:\/\/butopea.com\/mlc\/wp-content\/uploads\/2023\/01\/deja-187768d_2-150x150.jpg 150w\" sizes=\"auto, (max-width: 1024px) 100vw, 1024px\" \/><figcaption><a href=\"https:\/\/butopea.com\/tarolos-puff-100-cm-bukle-szovet-feher-bourdon\" target=\"_blank\" rel=\"noreferrer noopener\">T\u00e1rol\u00f3s puff<\/a><\/figcaption><\/figure>\n\n\n\n<figure class=\"wp-block-image size-large\"><img loading=\"lazy\" decoding=\"async\" width=\"1024\" height=\"1024\" data-id=\"8679\" src=\"https:\/\/butopea.com\/mlc\/wp-content\/uploads\/2023\/01\/dems-tai-plusbez_2.jpg\" alt=\"2023 trendjei\" class=\"wp-image-8679\" srcset=\"https:\/\/butopea.com\/mlc\/wp-content\/uploads\/2023\/01\/dems-tai-plusbez_2.jpg 1024w, https:\/\/butopea.com\/mlc\/wp-content\/uploads\/2023\/01\/dems-tai-plusbez_2-768x768.jpg 768w, https:\/\/butopea.com\/mlc\/wp-content\/uploads\/2023\/01\/dems-tai-plusbez_2-150x150.jpg 150w\" sizes=\"auto, (max-width: 1024px) 100vw, 1024px\" \/><figcaption><a href=\"https:\/\/butopea.com\/fotel-labtartoval-bukle-szovettel-szurkesbarna-bouclette\" target=\"_blank\" rel=\"noreferrer noopener\">Bukl\u00e9 fotel l\u00e1btart\u00f3val<\/a><\/figcaption><\/figure>\n<\/figure>\n\n\n\n<h2 class=\"wp-block-heading\">2. Boltozott f\u00fclk\u00e9k \u00fajragondol\u00e1sa<\/h2>\n\n\n\n<p>A renesz\u00e1nsz idej\u00e9n boltozott f\u00fclk\u00e9kben helyezt\u00e9k el a m\u0171alkot\u00e1sokat, festm\u00e9nyeket, szobrokat, \u00edgy adva nekik kell\u0151 hangs\u00falyt \u00e9s figyelmet. Az id\u0151k sor\u00e1n ezek az \u00e9p\u00edt\u00e9szeti megold\u00e1sok el\u00e9rt\u00e9ktelenedtek \u00e9s funkci\u00f3jukat vesztett\u00e9tek, eg\u00e9szen mostan\u00e1ig. Ugyanis ma \u00fajra nagyon n\u00e9pszer\u0171ek kezdenek lenni, azonban eg\u00e9szen m\u00e1sra haszn\u00e1ljuk \u0151ket, mint p\u00e1rsz\u00e1z \u00e9vvel ezel\u0151tt. Teljesen \u00faj funkci\u00f3t kaptak, sokkal ink\u00e1bb kihaszn\u00e1ljuk \u0151ket. P\u00e9ld\u00e1ul alak\u00edthatjuk irod\u00e1v\u00e1, nyitott t\u00e1lal\u00f3v\u00e1, kuck\u00f3s kanap\u00e9v\u00e1, el\u0151szob\u00e1ban akaszt\u00f3v\u00e1 vagy mosd\u00f3v\u00e1. Val\u00f3j\u00e1ban b\u00e1rmilyen kreat\u00edv m\u00f3don kihaszn\u00e1lhatjuk ezt a kis teret. A l\u00e9nyeg, hogy sokkal egyedibb lesz t\u0151le az enteri\u0151r, vizu\u00e1lisan sokkal izgalmasabb, ahogy megt\u00f6rik a t\u00e9r, m\u00e9lys\u00e9get ad a szob\u00e1nak, \u00e9s egy \u00faj sz\u00ednt vagy anyagot is haszn\u00e1lhatunk a f\u00fclk\u00e9ben.<\/p>\n\n\n\n<figure class=\"wp-block-gallery has-nested-images columns-default is-cropped wp-block-gallery-2 is-layout-flex wp-block-gallery-is-layout-flex\">\n<figure class=\"wp-block-image size-large\"><img loading=\"lazy\" decoding=\"async\" width=\"563\" height=\"563\" data-id=\"8693\" src=\"https:\/\/butopea.com\/mlc\/wp-content\/uploads\/2023\/01\/11323d7f918c27b49e0826321c7307dd.jpg\" alt=\"\" class=\"wp-image-8693\" srcset=\"https:\/\/butopea.com\/mlc\/wp-content\/uploads\/2023\/01\/11323d7f918c27b49e0826321c7307dd.jpg 563w, https:\/\/butopea.com\/mlc\/wp-content\/uploads\/2023\/01\/11323d7f918c27b49e0826321c7307dd-150x150.jpg 150w\" sizes=\"auto, (max-width: 563px) 100vw, 563px\" \/><\/figure>\n\n\n\n<figure class=\"wp-block-image size-large\"><img loading=\"lazy\" decoding=\"async\" width=\"563\" height=\"563\" data-id=\"8694\" src=\"https:\/\/butopea.com\/mlc\/wp-content\/uploads\/2023\/01\/6be8644f72faaa2a864c5c2e0d2e9ad6.jpg\" alt=\"\" class=\"wp-image-8694\" srcset=\"https:\/\/butopea.com\/mlc\/wp-content\/uploads\/2023\/01\/6be8644f72faaa2a864c5c2e0d2e9ad6.jpg 563w, https:\/\/butopea.com\/mlc\/wp-content\/uploads\/2023\/01\/6be8644f72faaa2a864c5c2e0d2e9ad6-150x150.jpg 150w\" sizes=\"auto, (max-width: 563px) 100vw, 563px\" \/><\/figure>\n<\/figure>\n\n\n\n<h2 class=\"wp-block-heading\">3. Az Art Deco felvir\u00e1gz\u00e1sa<\/h2>\n\n\n\n<p>P\u00e1r \u00e9vvel ezel\u0151tt m\u00e9g a <a href=\"https:\/\/butopea.com\/mlc\/minimalista-stilus\/\" target=\"_blank\" rel=\"noreferrer noopener\">minimalista<\/a>, majd a <a href=\"https:\/\/butopea.com\/mlc\/skandinav-stilus-interju\/\" target=\"_blank\" rel=\"noreferrer noopener\">skandin\u00e1v st\u00edlus<\/a> h\u00f3d\u00edtott a lakberendez\u00e9s vil\u00e1g\u00e1ban, \u00e9s nem is tudtuk volna elk\u00e9pzelni, hogy olyan st\u00edlusokat, mint az <a href=\"https:\/\/butopea.com\/mlc\/art-deco-stilus-interju\/\" target=\"_blank\" rel=\"noreferrer noopener\">art deco<\/a>, a magazinokon \u00e9s k\u00e9peken k\u00edv\u00fcl a saj\u00e1t otthonunkban is sz\u00edvesen l\u00e1ssunk. Azonban ma m\u00e1r rengeteg p\u00e9ld\u00e1t l\u00e1tunk arra, hogy hogyan haszn\u00e1ljuk az art deco klasszikus jegyeit otthonosabb form\u00e1ban. A b\u00e1rsony anyag, a gazdag sz\u00ednek, a geometriai form\u00e1k \u00e9s mint\u00e1k \u00e9s az arany az art deco v\u00e9djegyei, melyeket haszn\u00e1lj b\u00e1tran te is, ha szeretn\u00e9l \u00edzl\u00e9ses, modern \u00e9s luxust id\u00e9z\u0151 otthont.<\/p>\n\n\n\n<figure class=\"wp-block-gallery has-nested-images columns-default is-cropped wp-block-gallery-3 is-layout-flex wp-block-gallery-is-layout-flex\">\n<figure class=\"wp-block-image size-large\"><img loading=\"lazy\" decoding=\"async\" width=\"1000\" height=\"1000\" data-id=\"8682\" src=\"https:\/\/butopea.com\/mlc\/wp-content\/uploads\/2023\/01\/dehn-1001264d_2.jpg\" alt=\"2023 trendjei\" class=\"wp-image-8682\" srcset=\"https:\/\/butopea.com\/mlc\/wp-content\/uploads\/2023\/01\/dehn-1001264d_2.jpg 1000w, https:\/\/butopea.com\/mlc\/wp-content\/uploads\/2023\/01\/dehn-1001264d_2-768x768.jpg 768w, https:\/\/butopea.com\/mlc\/wp-content\/uploads\/2023\/01\/dehn-1001264d_2-150x150.jpg 150w\" sizes=\"auto, (max-width: 1000px) 100vw, 1000px\" \/><figcaption><a href=\"https:\/\/butopea.com\/barsony-barfotel-arany-labbal-szurke-sillon\" target=\"_blank\" rel=\"noreferrer noopener\">B\u00e1rsony b\u00e1rfotel<\/a><\/figcaption><\/figure>\n\n\n\n<figure class=\"wp-block-image size-large\"><img loading=\"lazy\" decoding=\"async\" width=\"1080\" height=\"1080\" data-id=\"8683\" src=\"https:\/\/butopea.com\/mlc\/wp-content\/uploads\/2023\/01\/93B7782-1-1080x1080.jpg\" alt=\"\" class=\"wp-image-8683\" srcset=\"https:\/\/butopea.com\/mlc\/wp-content\/uploads\/2023\/01\/93B7782-1-1080x1080.jpg 1080w, https:\/\/butopea.com\/mlc\/wp-content\/uploads\/2023\/01\/93B7782-1-768x768.jpg 768w, https:\/\/butopea.com\/mlc\/wp-content\/uploads\/2023\/01\/93B7782-1-150x150.jpg 150w, https:\/\/butopea.com\/mlc\/wp-content\/uploads\/2023\/01\/93B7782-1.jpg 1200w\" sizes=\"auto, (max-width: 1080px) 100vw, 1080px\" \/><figcaption><a href=\"https:\/\/butopea.com\/hatszog-alaku-dohanyzoasztal-rombuszos-vazzal-feher-arany-tenerife\" target=\"_blank\" rel=\"noreferrer noopener\">Hatsz\u00f6galak\u00fa doh\u00e1nyz\u00f3asztal<\/a><\/figcaption><\/figure>\n<\/figure>\n\n\n\n<h2 class=\"wp-block-heading\">4. Term\u00e9szetes f\u00e9ny kihaszn\u00e1l\u00e1sa<\/h2>\n\n\n\n<p>Az \u00e9vtized lakberendez\u00e9si trendjeinek meghat\u00e1roz\u00f3 vez\u00e9rfonala az emberi ig\u00e9nyek, kezdve p\u00e9ld\u00e1ul a j\u00e1rv\u00e1nyid\u0151szakkal, amikor min\u00e9l ink\u00e1bb pr\u00f3b\u00e1lt alkalmazkodni a lakberendez\u00e9s vil\u00e1ga is az \u00fajonnan kialakult helyzethez. Mivel tudjuk, hogy milyen j\u00f3 hat\u00e1ssal van a koncentr\u00e1ci\u00f3ra, a munk\u00e1ra, a napi ritmus fenntart\u00e1s\u00e1ra, de m\u00e9g a munk\u00e1ra is a term\u00e9szetes f\u00e9nynek, egyre t\u00f6bb \u00f6tlettel pr\u00f3b\u00e1ljuk ezt megsokszorozni az otthonunkban. Nagyon n\u00e9pszer\u0171ek a hatalmas ablakok, a f\u00e9nyes fel\u00fcletek, amik seg\u00edtenek megsokszorozni a f\u00e9nyt, de olyan \u00fajszer\u0171 megold\u00e1sokkal is tal\u00e1lkozhatunk, mint p\u00e9ld\u00e1ul tet\u0151ablakok a folyos\u00f3kon, nappali vagy ak\u00e1r a f\u00fcrd\u0151szoba felett. Ezekn\u00e9l az \u00e1rny\u00e9kokkal is lehet j\u00e1tszani, ha p\u00e9ld\u00e1ul l\u00e9cek futnak az ablak alatt.<\/p>\n\n\n\n<figure class=\"wp-block-gallery has-nested-images columns-default is-cropped wp-block-gallery-4 is-layout-flex wp-block-gallery-is-layout-flex\">\n<figure class=\"wp-block-image size-large\"><img loading=\"lazy\" decoding=\"async\" width=\"563\" height=\"563\" data-id=\"8695\" src=\"https:\/\/butopea.com\/mlc\/wp-content\/uploads\/2023\/01\/9114943bb057459bd2db924ea99bf471.jpg\" alt=\"2023 trendjei\" class=\"wp-image-8695\" srcset=\"https:\/\/butopea.com\/mlc\/wp-content\/uploads\/2023\/01\/9114943bb057459bd2db924ea99bf471.jpg 563w, https:\/\/butopea.com\/mlc\/wp-content\/uploads\/2023\/01\/9114943bb057459bd2db924ea99bf471-150x150.jpg 150w\" sizes=\"auto, (max-width: 563px) 100vw, 563px\" \/><\/figure>\n\n\n\n<figure class=\"wp-block-image size-large\"><img loading=\"lazy\" decoding=\"async\" width=\"563\" height=\"563\" data-id=\"8696\" src=\"https:\/\/butopea.com\/mlc\/wp-content\/uploads\/2023\/01\/20797ad8eb037b19c4b7c42fffd7d4b4.jpg\" alt=\"\" class=\"wp-image-8696\" srcset=\"https:\/\/butopea.com\/mlc\/wp-content\/uploads\/2023\/01\/20797ad8eb037b19c4b7c42fffd7d4b4.jpg 563w, https:\/\/butopea.com\/mlc\/wp-content\/uploads\/2023\/01\/20797ad8eb037b19c4b7c42fffd7d4b4-150x150.jpg 150w\" sizes=\"auto, (max-width: 563px) 100vw, 563px\" \/><\/figure>\n<\/figure>\n\n\n\n<h2 class=\"wp-block-heading\">5. Fekete \u00e9s dr\u00e1mai hat\u00e1s<\/h2>\n\n\n\n<p>Mint m\u00e1r eml\u00edtett\u00fck, egyre ink\u00e1bb elt\u00e1volodunk a letisztult, t\u00fal egyszer\u0171s\u00edt\u0151 st\u00edlusokt\u00f3l, a skandin\u00e1vt\u00f3l \u00e9s a minimalist\u00e1t\u00f3l, helyette pedig valami sokkal karakteresebbet, dr\u00e1maibbat keres\u00fcnk. A g\u00f3tikus lakberendez\u00e9s p\u00e9ld\u00e1ul pont ezt a dr\u00e1mai \u00f6sszhat\u00e1st tudja megadni. Itt is a fekete-feh\u00e9r h\u00f3d\u00edt, de egy\u00e9rtelm\u0171en a feket\u00e9n van a hangs\u00faly, az el\u0151z\u0151 k\u00e9t st\u00edlussal ellent\u00e9tben. Nem kell megijedni ett\u0151l a st\u00edlust\u00f3l, att\u00f3l f\u00fcgg\u0151en, hogy mennyi feket\u00e9t haszn\u00e1lunk, be\u00e1ll\u00edthatjuk, hogy mennyire szeretn\u00e9nk g\u00f3tikus st\u00edlust. \u00c9s ha kell\u0151 mennyis\u00e9gben haszn\u00e1ljuk a fektet\u00e9t, nem lesz nyomaszt\u00f3 az \u00f6sszhat\u00e1s, sokkal ink\u00e1bb modern \u00e9s mer\u00e9sz.<\/p>\n\n\n\n<figure class=\"wp-block-gallery has-nested-images columns-default is-cropped wp-block-gallery-5 is-layout-flex wp-block-gallery-is-layout-flex\">\n<figure class=\"wp-block-image size-large\"><img loading=\"lazy\" decoding=\"async\" width=\"1024\" height=\"1024\" data-id=\"8685\" src=\"https:\/\/butopea.com\/mlc\/wp-content\/uploads\/2023\/01\/deja-185104d_2.jpg\" alt=\"2023 trendjei\" class=\"wp-image-8685\" srcset=\"https:\/\/butopea.com\/mlc\/wp-content\/uploads\/2023\/01\/deja-185104d_2.jpg 1024w, https:\/\/butopea.com\/mlc\/wp-content\/uploads\/2023\/01\/deja-185104d_2-768x768.jpg 768w, https:\/\/butopea.com\/mlc\/wp-content\/uploads\/2023\/01\/deja-185104d_2-150x150.jpg 150w\" sizes=\"auto, (max-width: 1024px) 100vw, 1024px\" \/><figcaption><a href=\"https:\/\/butopea.com\/etkezoszek-barsony-fekete-pepita-mintas-hattamla-fekete-lab-cherry\" target=\"_blank\" rel=\"noreferrer noopener\">B\u00e1rsony fekete \u00e9tkez\u0151sz\u00e9k<\/a><\/figcaption><\/figure>\n\n\n\n<figure class=\"wp-block-image size-large\"><img loading=\"lazy\" decoding=\"async\" width=\"749\" height=\"749\" data-id=\"8684\" src=\"https:\/\/butopea.com\/mlc\/wp-content\/uploads\/2023\/01\/blacktonoir.jpg\" alt=\"\" class=\"wp-image-8684\" srcset=\"https:\/\/butopea.com\/mlc\/wp-content\/uploads\/2023\/01\/blacktonoir.jpg 749w, https:\/\/butopea.com\/mlc\/wp-content\/uploads\/2023\/01\/blacktonoir-150x150.jpg 150w\" sizes=\"auto, (max-width: 749px) 100vw, 749px\" \/><figcaption><a href=\"http:\/\/decorilla.com\" target=\"_blank\" rel=\"noreferrer noopener\">decorilla.com<\/a><\/figcaption><\/figure>\n<\/figure>\n\n\n\n<h2 class=\"wp-block-heading\">6. \u00d3ri\u00e1s mennyezeti l\u00e1mp\u00e1k<\/h2>\n\n\n\n<p>2023 trendjei k\u00f6z\u00fcl az\u00e9rt lehet nagyon n\u00e9pszer\u0171 a k\u00f6vetkez\u0151, mert nincs sz\u00fcks\u00e9g nagy \u00e1talak\u00edt\u00e1sokra, val\u00f3j\u00e1ban csak egyetlen elemet kell lecser\u00e9ln\u00fcnk, \u00e9s lehet, els\u0151re nem is gondoln\u00e1nk, hogy ezzel mekkora v\u00e1ltoz\u00e1st tudunk el\u00e9rni. A vil\u00e1g\u00edt\u00e1sra sokszor nagyon lecsupasz\u00edtva, funkcion\u00e1lisan gondolunk, nem pedig egy design elem lehet\u0151s\u00e9gek\u00e9nt. Gondolkozunk esetleg egy k\u00fcl\u00f6nleges b\u00fatordarabon vagy sz\u0151nyegen, de a vil\u00e1g\u00edt\u00e1sr\u00f3l gyakran megfeledkez\u00fcnk, \u00e9s a minimumra t\u00f6reksz\u00fcnk. Pedig nagyon meg tudja hat\u00e1rozni a teret egy j\u00f3l kiv\u00e1lasztott mennyezeti l\u00e1mpa, csill\u00e1r. Egyetlen elem, \u00e9s karaktert adhatsz egy nappalinak.<\/p>\n\n\n\n<figure class=\"wp-block-gallery has-nested-images columns-default is-cropped wp-block-gallery-6 is-layout-flex wp-block-gallery-is-layout-flex\">\n<figure class=\"wp-block-image size-large\"><img loading=\"lazy\" decoding=\"async\" width=\"564\" height=\"564\" data-id=\"8686\" src=\"https:\/\/butopea.com\/mlc\/wp-content\/uploads\/2023\/01\/700453dff14c703749a9248e294a0679.jpg\" alt=\"2023 trendjei\" class=\"wp-image-8686\" srcset=\"https:\/\/butopea.com\/mlc\/wp-content\/uploads\/2023\/01\/700453dff14c703749a9248e294a0679.jpg 564w, https:\/\/butopea.com\/mlc\/wp-content\/uploads\/2023\/01\/700453dff14c703749a9248e294a0679-150x150.jpg 150w\" sizes=\"auto, (max-width: 564px) 100vw, 564px\" \/><\/figure>\n\n\n\n<figure class=\"wp-block-image size-full\"><img loading=\"lazy\" decoding=\"async\" width=\"563\" height=\"563\" data-id=\"8688\" src=\"https:\/\/butopea.com\/mlc\/wp-content\/uploads\/2023\/01\/4fdb54b2ffdb8c405278ea68d9a65404.jpg\" alt=\"\" class=\"wp-image-8688\" srcset=\"https:\/\/butopea.com\/mlc\/wp-content\/uploads\/2023\/01\/4fdb54b2ffdb8c405278ea68d9a65404.jpg 563w, https:\/\/butopea.com\/mlc\/wp-content\/uploads\/2023\/01\/4fdb54b2ffdb8c405278ea68d9a65404-150x150.jpg 150w\" sizes=\"auto, (max-width: 563px) 100vw, 563px\" \/><\/figure>\n<\/figure>\n\n\n\n<h2 class=\"wp-block-heading\">7. Lebeg\u0151 f\u00fcrd\u0151szobab\u00fator k\u0151zetekb\u0151l<\/h2>\n\n\n\n<p>2023 trendjei a f\u00fcrd\u0151szob\u00e1t sem hagyj\u00e1k \u00e9rintetlen\u00fcl. A m\u00e1rv\u00e1ny \u00e9s a kvarc k\u0151zet a legn\u00e9pszer\u0171bb, ha f\u00fcrd\u0151szoba szekr\u00e9nyr\u0151l van sz\u00f3, val\u00f3di luxus \u00e9rz\u00e9s\u00e9t adj\u00e1k. Egy k\u00fcl\u00f6nleges megold\u00e1s pedig, ha egyedileg tervezett lebeg\u0151 verzi\u00f3t v\u00e1lasztunk, nem pedig klasszikus szekr\u00e9nyben gondolkozunk.<\/p>\n\n\n\n<blockquote class=\"wp-block-quote is-layout-flow wp-block-quote-is-layout-flow\"><p>A f\u00fcrd\u0151szobaszekr\u00e9ny \u00e1ltal\u00e1ban az egyik f\u0151 szempont a f\u00fcrd\u0151szoba kialak\u00edt\u00e1sakor, \u00e9s az egyedi lebeg\u0151 k\u0151 opci\u00f3 k\u00fcl\u00f6nleges hat\u00e1st kelt.<\/p><cite>April Gandy, a chicag\u00f3i Alluring Designs vezet\u0151 tervez\u0151je<\/cite><\/blockquote>\n\n\n\n<figure class=\"wp-block-gallery has-nested-images columns-default is-cropped wp-block-gallery-7 is-layout-flex wp-block-gallery-is-layout-flex\">\n<figure class=\"wp-block-image size-large\"><img loading=\"lazy\" decoding=\"async\" width=\"563\" height=\"563\" data-id=\"8689\" src=\"https:\/\/butopea.com\/mlc\/wp-content\/uploads\/2023\/01\/32f6f87460aa3e191f9e22711730327f.jpg\" alt=\"2023 trendjei\" class=\"wp-image-8689\" srcset=\"https:\/\/butopea.com\/mlc\/wp-content\/uploads\/2023\/01\/32f6f87460aa3e191f9e22711730327f.jpg 563w, https:\/\/butopea.com\/mlc\/wp-content\/uploads\/2023\/01\/32f6f87460aa3e191f9e22711730327f-150x150.jpg 150w\" sizes=\"auto, (max-width: 563px) 100vw, 563px\" \/><\/figure>\n\n\n\n<figure class=\"wp-block-image size-large\"><img loading=\"lazy\" decoding=\"async\" width=\"563\" height=\"563\" data-id=\"8690\" src=\"https:\/\/butopea.com\/mlc\/wp-content\/uploads\/2023\/01\/3faf373e5e2b4a02b4597998208fe8f5.jpg\" alt=\"\" class=\"wp-image-8690\" srcset=\"https:\/\/butopea.com\/mlc\/wp-content\/uploads\/2023\/01\/3faf373e5e2b4a02b4597998208fe8f5.jpg 563w, https:\/\/butopea.com\/mlc\/wp-content\/uploads\/2023\/01\/3faf373e5e2b4a02b4597998208fe8f5-150x150.jpg 150w\" sizes=\"auto, (max-width: 563px) 100vw, 563px\" \/><\/figure>\n<\/figure>\n\n\n\n<h2 class=\"wp-block-heading\">8. Multifunkcion\u00e1lis terek<\/h2>\n\n\n\n<p>A pand\u00e9mia folyam\u00e1n fogalmaz\u00f3dott meg sz\u00e9lesebb k\u00f6rben az ig\u00e9ny, hogy an\u00e9lk\u00fcl, hogy kimozduln\u00e1nk, dolgozhassunk, edzhess\u00fcnk, mozizzunk vagy ak\u00e1r szaun\u00e1zzunk. Megsz\u00fclettek a t\u00f6bbfunkci\u00f3s terek, a nappali vagy padl\u00e1s, ahova berakunk egy fut\u00f3padot \u00e9s p\u00e1r s\u00falyz\u00f3t, a h\u00e1l\u00f3szoba, amit t\u00e9relv\u00e1laszt\u00f3val home office-\u00e1 alak\u00edtunk vagy a f\u00fcrd\u0151szoba, ahol helyet kap egy szauna.<\/p>\n\n\n\n<p><a href=\"https:\/\/butopea.com\/mlc\/?s=home+office\" target=\"_blank\" rel=\"noreferrer noopener\">Ha inspir\u00e1l\u00f3dn\u00e1l, miel\u0151tt kialak\u00edtod a saj\u00e1t home office-od vagy tanul\u00f3sarkod, kattints ide!<\/a><\/p>\n\n\n\n<figure class=\"wp-block-gallery has-nested-images columns-default is-cropped wp-block-gallery-8 is-layout-flex wp-block-gallery-is-layout-flex\">\n<figure class=\"wp-block-image size-large\"><img loading=\"lazy\" decoding=\"async\" width=\"564\" height=\"564\" data-id=\"8692\" src=\"https:\/\/butopea.com\/mlc\/wp-content\/uploads\/2023\/01\/8313016905dc3301bdad6709d98d3a94.jpg\" alt=\"2023 trendjei\" class=\"wp-image-8692\" srcset=\"https:\/\/butopea.com\/mlc\/wp-content\/uploads\/2023\/01\/8313016905dc3301bdad6709d98d3a94.jpg 564w, https:\/\/butopea.com\/mlc\/wp-content\/uploads\/2023\/01\/8313016905dc3301bdad6709d98d3a94-150x150.jpg 150w\" sizes=\"auto, (max-width: 564px) 100vw, 564px\" \/><\/figure>\n\n\n\n<figure class=\"wp-block-image size-large\"><img loading=\"lazy\" decoding=\"async\" width=\"564\" height=\"564\" data-id=\"8691\" src=\"https:\/\/butopea.com\/mlc\/wp-content\/uploads\/2023\/01\/2737ec91b52678e54b088c537f78c8bd.jpg\" alt=\"\" class=\"wp-image-8691\" srcset=\"https:\/\/butopea.com\/mlc\/wp-content\/uploads\/2023\/01\/2737ec91b52678e54b088c537f78c8bd.jpg 564w, https:\/\/butopea.com\/mlc\/wp-content\/uploads\/2023\/01\/2737ec91b52678e54b088c537f78c8bd-150x150.jpg 150w\" sizes=\"auto, (max-width: 564px) 100vw, 564px\" \/><\/figure>\n<\/figure>\n\n\n\n<h2 class=\"wp-block-heading\">9. K\u00fcl\u00f6nb\u00f6z\u0151 text\u00far\u00e1k a luxus hat\u00e1s\u00e9rt<\/h2>\n\n\n\n<p>A k\u00fcl\u00f6nb\u00f6z\u0151 text\u00far\u00e1k haszn\u00e1lata is n\u00e9pszer\u0171 trend lehet 2023-ban. A k\u00fcl\u00f6nb\u00f6z\u0151 domborzat\u00fa sz\u0151nyegek, steppelt anyagok, \u00e9rdesebb, izgalmasabb tapint\u00e1s\u00fa tap\u00e9t\u00e1k \u00e9s konyhai h\u00e1tfalak teljesen egyedi jelleget adnak a legegyszer\u0171bb daraboknak is. Egy kis tr\u00fckk, hogy ezek a term\u00e9kek sokkal jobb min\u0151s\u00e9g\u0171nek \u00e9s izgalmasabbnak t\u0171nnek, m\u00e9gsem kell sokkal nagyobb p\u00e9nzeket \u00e1ldoznunk r\u00e1juk.<\/p>\n\n\n\n<blockquote class=\"wp-block-quote is-layout-flow wp-block-quote-is-layout-flow\"><p>Szerintem ez az egyik legegyszer\u0171bb m\u00f3dja annak, hogy melegebb hangulat\u00fa \u00e9s vizu\u00e1lisan \u00e9rdekesebb szob\u00e1t alkossunk. 2023-ban t\u00f6bb dimenzi\u00f3val fogunk tal\u00e1lkozni a falkezel\u00e9st\u0151l \u00e9s a text\u00edli\u00e1kt\u00f3l kezdve a b\u00fatorokig \u00e9s a dekorat\u00edv kieg\u00e9sz\u00edt\u0151kig. Sz\u00f3val a text\u00fara mindenhol jelen lesz.<\/p><cite>Danielle Blundell, az Apartment Therapy vezet\u0151 lakberendez\u00e9si igazgat\u00f3ja<\/cite><\/blockquote>\n\n\n\n<figure class=\"wp-block-gallery has-nested-images columns-default is-cropped wp-block-gallery-9 is-layout-flex wp-block-gallery-is-layout-flex\">\n<figure class=\"wp-block-image size-full\"><img loading=\"lazy\" decoding=\"async\" width=\"1000\" height=\"1000\" data-id=\"8699\" src=\"https:\/\/butopea.com\/mlc\/wp-content\/uploads\/2023\/01\/dehn-1001154d_2.jpg\" alt=\"\" class=\"wp-image-8699\" srcset=\"https:\/\/butopea.com\/mlc\/wp-content\/uploads\/2023\/01\/dehn-1001154d_2.jpg 1000w, https:\/\/butopea.com\/mlc\/wp-content\/uploads\/2023\/01\/dehn-1001154d_2-768x768.jpg 768w, https:\/\/butopea.com\/mlc\/wp-content\/uploads\/2023\/01\/dehn-1001154d_2-150x150.jpg 150w\" sizes=\"auto, (max-width: 1000px) 100vw, 1000px\" \/><figcaption><a href=\"https:\/\/butopea.com\/barsonyszovet-steppelt-etkezofotel-szurkesbarna-canasta\" target=\"_blank\" rel=\"noreferrer noopener\">Steppelt b\u00e1rsonyfotel<\/a><\/figcaption><\/figure>\n\n\n\n<figure class=\"wp-block-image size-large\"><img loading=\"lazy\" decoding=\"async\" width=\"1024\" height=\"1024\" data-id=\"8698\" src=\"https:\/\/butopea.com\/mlc\/wp-content\/uploads\/2023\/01\/deho-hs6040r-vkek_v2_2.jpg\" alt=\"\" class=\"wp-image-8698\" srcset=\"https:\/\/butopea.com\/mlc\/wp-content\/uploads\/2023\/01\/deho-hs6040r-vkek_v2_2.jpg 1024w, https:\/\/butopea.com\/mlc\/wp-content\/uploads\/2023\/01\/deho-hs6040r-vkek_v2_2-768x768.jpg 768w, https:\/\/butopea.com\/mlc\/wp-content\/uploads\/2023\/01\/deho-hs6040r-vkek_v2_2-150x150.jpg 150w\" sizes=\"auto, (max-width: 1024px) 100vw, 1024px\" \/><figcaption><a href=\"https:\/\/butopea.com\/steppelt-tarolos-kerek-barsony-uloke-vilagoskek-chamade\" target=\"_blank\" rel=\"noreferrer noopener\">T\u00e1rol\u00f3s \u00fcl\u0151ke<\/a><\/figcaption><\/figure>\n<\/figure>\n\n\n\n<h2 class=\"wp-block-heading\">10. Az \u00e9v sz\u00edne<\/h2>\n\n\n\n<p>A Pantone \u00e9v sz\u00edne 2023-ban a Viva Magenta 18-1750 lesz, egy igaz\u00e1n vibr\u00e1l\u00f3 \u00e9s \u00e9letteli sz\u00edn. A v\u00f6r\u00f6s sz\u00edncsal\u00e1dhoz tartozik ez a bord\u00f3s magenta \u00e1rnyalat, melyet a term\u00e9szet inspir\u00e1lt. A b\u00edbortet\u0171b\u0151l k\u00e9sz\u00fclt k\u00e1rmin nev\u0171 sz\u00ednez\u0151anyag ihlette, melyet m\u00e1r t\u00f6bbsz\u00e1z \u00e9ve haszn\u00e1l az emberis\u00e9g. A Viva Magenta egy mer\u00e9sz, vid\u00e1m, pulz\u00e1l\u00f3 sz\u00edn, amely b\u00e1tor\u00edtja a felfedez\u00e9st \u00e9s az \u00f6nkifejez\u00e9st, amely j\u00f3l t\u00fckr\u00f6zi a term\u00e9szet \u0151serej\u00e9t.<\/p>\n\n\n\n<p>Az \u00e9v sz\u00edne egy nagyon karakteres, er\u0151teljes sz\u00edn, ez\u00e9rt nem mindenkinek val\u00f3, f\u0151leg nem nagy mennyis\u00e9gben. Ha azonban te magad is extravag\u00e1nsabb, nyitottabb szem\u00e9lyis\u00e9g vagy, aki sz\u00edvesen k\u00eds\u00e9rletezik. Az viszont, aki teret enged ennek az \u00e1rnyalatnak az otthon\u00e1ban, garant\u00e1ltan egyedi \u00e9s mer\u00e9sz lak\u00e1st alkot, egy kis misztikus \u00e9s j\u00e1t\u00e9kos hat\u00e1ssal.<\/p>\n\n\n\n<figure class=\"wp-block-gallery has-nested-images columns-default is-cropped wp-block-gallery-10 is-layout-flex wp-block-gallery-is-layout-flex\">\n<figure class=\"wp-block-image size-large\"><img loading=\"lazy\" decoding=\"async\" width=\"564\" height=\"564\" data-id=\"8669\" src=\"https:\/\/butopea.com\/mlc\/wp-content\/uploads\/2022\/12\/a445ffe3776d4bd571d92658613a1bdc.jpg\" alt=\"2023 trendjei\" class=\"wp-image-8669\" srcset=\"https:\/\/butopea.com\/mlc\/wp-content\/uploads\/2022\/12\/a445ffe3776d4bd571d92658613a1bdc.jpg 564w, https:\/\/butopea.com\/mlc\/wp-content\/uploads\/2022\/12\/a445ffe3776d4bd571d92658613a1bdc-150x150.jpg 150w\" sizes=\"auto, (max-width: 564px) 100vw, 564px\" \/><\/figure>\n\n\n\n<figure class=\"wp-block-image size-large\"><img loading=\"lazy\" decoding=\"async\" width=\"564\" height=\"564\" data-id=\"8700\" src=\"https:\/\/butopea.com\/mlc\/wp-content\/uploads\/2023\/01\/71056c1432dd0d35d6b79c68ba799d3e.jpg\" alt=\"2023 trendjei\" class=\"wp-image-8700\" srcset=\"https:\/\/butopea.com\/mlc\/wp-content\/uploads\/2023\/01\/71056c1432dd0d35d6b79c68ba799d3e.jpg 564w, https:\/\/butopea.com\/mlc\/wp-content\/uploads\/2023\/01\/71056c1432dd0d35d6b79c68ba799d3e-150x150.jpg 150w\" sizes=\"auto, (max-width: 564px) 100vw, 564px\" \/><\/figure>\n<\/figure>\n\n\n\n<p class=\"has-text-align-center\">\u25bc<\/p>\n\n\n\n<p>El\u0151z\u0151 \u00e9vek trendjei:<\/p>\n\n\n\n<p><a href=\"https:\/\/butopea.com\/mlc\/lakberendezesi-otletek-2022-re\/\" target=\"_blank\" rel=\"noreferrer noopener\">Lakberendez\u00e9si \u00f6tletek 2022-re<\/a><\/p>\n\n\n\n<p><a href=\"https:\/\/butopea.com\/mlc\/6-nyari-trend-2022-re\/\" target=\"_blank\" rel=\"noreferrer noopener\">6 ny\u00e1ri trend 2022-re<\/a><\/p>\n\n\n\n<p><a href=\"https:\/\/butopea.com\/mlc\/lakberendezesi-otletek-2021-re\/\" target=\"_blank\" rel=\"noreferrer noopener\">Lakberendez\u00e9si \u00f6tletek a 2021-es \u00e9vre<\/a><\/p>\n\n\n\n<p class=\"has-text-align-center\">\u25bc<\/p>\n\n\n\n<p>K\u00e9pek forr\u00e1sa: <a href=\"https:\/\/butopea.com\/\" target=\"_blank\" rel=\"noreferrer noopener\">Butop\u00eaa<\/a>, <a href=\"https:\/\/hu.pinterest.com\/\" target=\"_blank\" rel=\"noreferrer noopener\">Pinterest<\/a><\/p>\n","protected":false},"excerpt":{"rendered":"<p>\u00cdgy \u00e9v elej\u00e9n mindig izgalmas r\u00e1pillantani, hogy mit \u00edg\u00e9rnek id\u00e9nre a designer lakberendez\u0151k, vajon hogyan alakulnak 2023 trendjei. Igyeksz\u00fcnk olyan ir\u00e1nyokat bemutatni itt, amikb\u0151l mindenki tud inspir\u00e1l\u00f3dni. Teh\u00e1t nem a f\u00f6ldt\u0151l elrugaszkodott, nehezen megval\u00f3s\u00edthat\u00f3 \u00f6tletek j\u00f6nnek, hanem olyanok, amelyeket b\u00e1rki felhaszn\u00e1lhat a saj\u00e1t otthon\u00e1ban, el\u00e9rhet\u0151 \u00e1ron. Lesz k\u00f6zt\u00fck olyan, amihez csak egy-egy egyszer\u0171bb elemet kell &#8230;<\/p>\n","protected":false},"author":10,"featured_media":8678,"comment_status":"open","ping_status":"open","sticky":false,"template":"","format":"standard","meta":{"footnotes":""},"categories":[20],"tags":[466,467,309,432,312,406],"class_list":["post-8677","post","type-post","status-publish","format-standard","has-post-thumbnail","hentry","category-lakberendezesi-trendek","tag-466","tag-bukle","tag-ev-szine","tag-fekete","tag-lakberendezesi-trendek","tag-trendek"],"yoast_head":"<!-- This site is optimized with the Yoast SEO plugin v27.5 - https:\/\/yoast.com\/product\/yoast-seo-wordpress\/ -->\n<title>2023 tredjei a lakberendez\u00e9sben - My Little Corner by Butop\u00eaa<\/title>\n<meta name=\"description\" content=\"\u00cdgy \u00e9v elej\u00e9n mindig izgalmas r\u00e1pillantani, hogy mit \u00edg\u00e9rnek id\u00e9nre a designer lakberendez\u0151k, vajon hogyan alakulnak 2023 trendjei.\" \/>\n<meta name=\"robots\" content=\"index, follow, max-snippet:-1, max-image-preview:large, max-video-preview:-1\" \/>\n<link rel=\"canonical\" href=\"https:\/\/butopea.com\/mlc\/2023-trendjei-a-lakberendezesben\/\" \/>\n<meta property=\"og:locale\" content=\"hu_HU\" \/>\n<meta property=\"og:type\" content=\"article\" \/>\n<meta property=\"og:title\" content=\"2023 tredjei a lakberendez\u00e9sben - My Little Corner by Butop\u00eaa\" \/>\n<meta property=\"og:description\" content=\"\u00cdgy \u00e9v elej\u00e9n mindig izgalmas r\u00e1pillantani, hogy mit \u00edg\u00e9rnek id\u00e9nre a designer lakberendez\u0151k, vajon hogyan alakulnak 2023 trendjei.\" \/>\n<meta property=\"og:url\" content=\"https:\/\/butopea.com\/mlc\/2023-trendjei-a-lakberendezesben\/\" \/>\n<meta property=\"og:site_name\" content=\"My Little Corner by Butop\u00eaa\" \/>\n<meta property=\"article:publisher\" content=\"https:\/\/www.facebook.com\/butopeacom\" \/>\n<meta property=\"article:published_time\" content=\"2023-01-06T14:00:00+00:00\" \/>\n<meta property=\"og:image\" content=\"https:\/\/butopea.com\/mlc\/wp-content\/uploads\/2023\/01\/deja-187767d_2.jpg\" \/>\n\t<meta property=\"og:image:width\" content=\"1024\" \/>\n\t<meta property=\"og:image:height\" content=\"1024\" \/>\n\t<meta property=\"og:image:type\" content=\"image\/jpeg\" \/>\n<meta name=\"author\" content=\"Nagy Dorottya\" \/>\n<meta name=\"twitter:card\" content=\"summary_large_image\" \/>\n<meta name=\"twitter:creator\" content=\"@butopea\" \/>\n<meta name=\"twitter:site\" content=\"@butopea\" \/>\n<meta name=\"twitter:label1\" content=\"Szerz\u0151:\" \/>\n\t<meta name=\"twitter:data1\" content=\"Nagy Dorottya\" \/>\n\t<meta name=\"twitter:label2\" content=\"Becs\u00fclt olvas\u00e1si id\u0151\" \/>\n\t<meta name=\"twitter:data2\" content=\"10 perc\" \/>\n<!-- \/ Yoast SEO plugin. -->","yoast_head_json":{"title":"2023 tredjei a lakberendez\u00e9sben - My Little Corner by Butop\u00eaa","description":"\u00cdgy \u00e9v elej\u00e9n mindig izgalmas r\u00e1pillantani, hogy mit \u00edg\u00e9rnek id\u00e9nre a designer lakberendez\u0151k, vajon hogyan alakulnak 2023 trendjei.","robots":{"index":"index","follow":"follow","max-snippet":"max-snippet:-1","max-image-preview":"max-image-preview:large","max-video-preview":"max-video-preview:-1"},"canonical":"https:\/\/butopea.com\/mlc\/2023-trendjei-a-lakberendezesben\/","og_locale":"hu_HU","og_type":"article","og_title":"2023 tredjei a lakberendez\u00e9sben - My Little Corner by Butop\u00eaa","og_description":"\u00cdgy \u00e9v elej\u00e9n mindig izgalmas r\u00e1pillantani, hogy mit \u00edg\u00e9rnek id\u00e9nre a designer lakberendez\u0151k, vajon hogyan alakulnak 2023 trendjei.","og_url":"https:\/\/butopea.com\/mlc\/2023-trendjei-a-lakberendezesben\/","og_site_name":"My Little Corner by Butop\u00eaa","article_publisher":"https:\/\/www.facebook.com\/butopeacom","article_published_time":"2023-01-06T14:00:00+00:00","og_image":[{"width":1024,"height":1024,"url":"https:\/\/butopea.com\/mlc\/wp-content\/uploads\/2023\/01\/deja-187767d_2.jpg","type":"image\/jpeg"}],"author":"Nagy Dorottya","twitter_card":"summary_large_image","twitter_creator":"@butopea","twitter_site":"@butopea","twitter_misc":{"Szerz\u0151:":"Nagy Dorottya","Becs\u00fclt olvas\u00e1si id\u0151":"10 perc"},"schema":{"@context":"https:\/\/schema.org","@graph":[{"@type":"Article","@id":"https:\/\/butopea.com\/mlc\/2023-trendjei-a-lakberendezesben\/#article","isPartOf":{"@id":"https:\/\/butopea.com\/mlc\/2023-trendjei-a-lakberendezesben\/"},"author":{"name":"Nagy Dorottya","@id":"https:\/\/butopea.com\/mlc\/#\/schema\/person\/be4a953b5496373486878fe155980705"},"headline":"2023 tredjei a lakberendez\u00e9sben","datePublished":"2023-01-06T14:00:00+00:00","mainEntityOfPage":{"@id":"https:\/\/butopea.com\/mlc\/2023-trendjei-a-lakberendezesben\/"},"wordCount":1563,"commentCount":0,"publisher":{"@id":"https:\/\/butopea.com\/mlc\/#organization"},"image":{"@id":"https:\/\/butopea.com\/mlc\/2023-trendjei-a-lakberendezesben\/#primaryimage"},"thumbnailUrl":"https:\/\/butopea.com\/mlc\/wp-content\/uploads\/2023\/01\/deja-187767d_2.jpg","keywords":["2023","bukl\u00e9","\u00e9v sz\u00edne","fekete","lakberendez\u00e9si trendek","trendek"],"articleSection":["Lakberendez\u00e9si trendek"],"inLanguage":"hu","potentialAction":[{"@type":"CommentAction","name":"Comment","target":["https:\/\/butopea.com\/mlc\/2023-trendjei-a-lakberendezesben\/#respond"]}]},{"@type":"WebPage","@id":"https:\/\/butopea.com\/mlc\/2023-trendjei-a-lakberendezesben\/","url":"https:\/\/butopea.com\/mlc\/2023-trendjei-a-lakberendezesben\/","name":"2023 tredjei a lakberendez\u00e9sben - My Little Corner by Butop\u00eaa","isPartOf":{"@id":"https:\/\/butopea.com\/mlc\/#website"},"primaryImageOfPage":{"@id":"https:\/\/butopea.com\/mlc\/2023-trendjei-a-lakberendezesben\/#primaryimage"},"image":{"@id":"https:\/\/butopea.com\/mlc\/2023-trendjei-a-lakberendezesben\/#primaryimage"},"thumbnailUrl":"https:\/\/butopea.com\/mlc\/wp-content\/uploads\/2023\/01\/deja-187767d_2.jpg","datePublished":"2023-01-06T14:00:00+00:00","description":"\u00cdgy \u00e9v elej\u00e9n mindig izgalmas r\u00e1pillantani, hogy mit \u00edg\u00e9rnek id\u00e9nre a designer lakberendez\u0151k, vajon hogyan alakulnak 2023 trendjei.","breadcrumb":{"@id":"https:\/\/butopea.com\/mlc\/2023-trendjei-a-lakberendezesben\/#breadcrumb"},"inLanguage":"hu","potentialAction":[{"@type":"ReadAction","target":["https:\/\/butopea.com\/mlc\/2023-trendjei-a-lakberendezesben\/"]}]},{"@type":"ImageObject","inLanguage":"hu","@id":"https:\/\/butopea.com\/mlc\/2023-trendjei-a-lakberendezesben\/#primaryimage","url":"https:\/\/butopea.com\/mlc\/wp-content\/uploads\/2023\/01\/deja-187767d_2.jpg","contentUrl":"https:\/\/butopea.com\/mlc\/wp-content\/uploads\/2023\/01\/deja-187767d_2.jpg","width":1024,"height":1024,"caption":"2023 trendjei"},{"@type":"BreadcrumbList","@id":"https:\/\/butopea.com\/mlc\/2023-trendjei-a-lakberendezesben\/#breadcrumb","itemListElement":[{"@type":"ListItem","position":1,"name":"Home","item":"https:\/\/butopea.com\/mlc\/"},{"@type":"ListItem","position":2,"name":"2023 tredjei a lakberendez\u00e9sben"}]},{"@type":"WebSite","@id":"https:\/\/butopea.com\/mlc\/#website","url":"https:\/\/butopea.com\/mlc\/","name":"My Little Corner by Butop\u00eaa","description":"Awaken your creativity","publisher":{"@id":"https:\/\/butopea.com\/mlc\/#organization"},"potentialAction":[{"@type":"SearchAction","target":{"@type":"EntryPoint","urlTemplate":"https:\/\/butopea.com\/mlc\/?s={search_term_string}"},"query-input":{"@type":"PropertyValueSpecification","valueRequired":true,"valueName":"search_term_string"}}],"inLanguage":"hu"},{"@type":"Organization","@id":"https:\/\/butopea.com\/mlc\/#organization","name":"Butop\u00eaa.com","url":"https:\/\/butopea.com\/mlc\/","logo":{"@type":"ImageObject","inLanguage":"hu","@id":"https:\/\/butopea.com\/mlc\/#\/schema\/logo\/image\/","url":"https:\/\/butopea.com\/mlc\/wp-content\/uploads\/2018\/02\/my-little-corner-by-butopea-logo.png","contentUrl":"https:\/\/butopea.com\/mlc\/wp-content\/uploads\/2018\/02\/my-little-corner-by-butopea-logo.png","width":176,"height":35,"caption":"Butop\u00eaa.com"},"image":{"@id":"https:\/\/butopea.com\/mlc\/#\/schema\/logo\/image\/"},"sameAs":["https:\/\/www.facebook.com\/butopeacom","https:\/\/x.com\/butopea","https:\/\/www.instagram.com\/butopea","https:\/\/pinterest.com\/butopea\/"]},{"@type":"Person","@id":"https:\/\/butopea.com\/mlc\/#\/schema\/person\/be4a953b5496373486878fe155980705","name":"Nagy Dorottya","image":{"@type":"ImageObject","inLanguage":"hu","@id":"https:\/\/secure.gravatar.com\/avatar\/cdf7cd591f8b3c486198c56e4320a4810e8964d73668d7aa38a3eb85866a427f?s=96&d=monsterid&r=g","url":"https:\/\/secure.gravatar.com\/avatar\/cdf7cd591f8b3c486198c56e4320a4810e8964d73668d7aa38a3eb85866a427f?s=96&d=monsterid&r=g","contentUrl":"https:\/\/secure.gravatar.com\/avatar\/cdf7cd591f8b3c486198c56e4320a4810e8964d73668d7aa38a3eb85866a427f?s=96&d=monsterid&r=g","caption":"Nagy Dorottya"},"description":"Mindig is elb\u0171v\u00f6lt a kreativit\u00e1s, a semmib\u0151l valami \u00fajat alkotni, egy egyszer\u0171ben megl\u00e1tni az egyedit. A mai fut\u00f3szalagszer\u0171 vil\u00e1gunkban fontosnak tartom, hogy legyen egy hely, ahol kiszakadunk a rohan\u00e1sb\u00f3l, ami kifejez minket, \u00e9s ahol mi kifejezhetj\u00fck magunkat, ami az otthonunk, nem puszt\u00e1n a lak\u00e1sunk. Ami a mi kreativit\u00e1sunkkal egy \u00e9p\u00fcletb\u0151l az igaz\u00e1n fontos k\u00f6z\u00f6s pillanatok helysz\u00edn\u00e9v\u00e9 v\u00e1lik.","url":"https:\/\/butopea.com\/mlc\/author\/nagy-dorottya\/"}]}},"_links":{"self":[{"href":"https:\/\/butopea.com\/mlc\/wp-json\/wp\/v2\/posts\/8677","targetHints":{"allow":["GET"]}}],"collection":[{"href":"https:\/\/butopea.com\/mlc\/wp-json\/wp\/v2\/posts"}],"about":[{"href":"https:\/\/butopea.com\/mlc\/wp-json\/wp\/v2\/types\/post"}],"author":[{"embeddable":true,"href":"https:\/\/butopea.com\/mlc\/wp-json\/wp\/v2\/users\/10"}],"replies":[{"embeddable":true,"href":"https:\/\/butopea.com\/mlc\/wp-json\/wp\/v2\/comments?post=8677"}],"version-history":[{"count":3,"href":"https:\/\/butopea.com\/mlc\/wp-json\/wp\/v2\/posts\/8677\/revisions"}],"predecessor-version":[{"id":8703,"href":"https:\/\/butopea.com\/mlc\/wp-json\/wp\/v2\/posts\/8677\/revisions\/8703"}],"wp:featuredmedia":[{"embeddable":true,"href":"https:\/\/butopea.com\/mlc\/wp-json\/wp\/v2\/media\/8678"}],"wp:attachment":[{"href":"https:\/\/butopea.com\/mlc\/wp-json\/wp\/v2\/media?parent=8677"}],"wp:term":[{"taxonomy":"category","embeddable":true,"href":"https:\/\/butopea.com\/mlc\/wp-json\/wp\/v2\/categories?post=8677"},{"taxonomy":"post_tag","embeddable":true,"href":"https:\/\/butopea.com\/mlc\/wp-json\/wp\/v2\/tags?post=8677"}],"curies":[{"name":"wp","href":"https:\/\/api.w.org\/{rel}","templated":true}]}}