{"id":8591,"date":"2022-10-22T14:00:00","date_gmt":"2022-10-22T12:00:00","guid":{"rendered":"https:\/\/butopea.com\/mlc\/?p=8591"},"modified":"2022-10-21T15:26:51","modified_gmt":"2022-10-21T13:26:51","slug":"irodalom-es-lakberendezes-interju-vona-szabo-krisztinaval","status":"publish","type":"post","link":"https:\/\/butopea.com\/mlc\/irodalom-es-lakberendezes-interju-vona-szabo-krisztinaval\/","title":{"rendered":"Irodalom \u00e9s lakberendez\u00e9s \u2013 Interj\u00fa Vona-Szab\u00f3 Krisztin\u00e1val"},"content":{"rendered":"\n<p>Folytatjuk <a href=\"https:\/\/butopea.com\/mlc\/irodalom-es-lakberendezes-interju-molnar-violaval\/\" target=\"_blank\" rel=\"noreferrer noopener\">sorozatunkat<\/a>, melyben arra vagyunk k\u00edv\u00e1ncsiak, hol \u00e9s hogyan tal\u00e1lkozik az irodalom \u00e9s a lakberendez\u00e9s. A t\u00e9m\u00e1ban egy \u00fajabb izgalmas besz\u00e9lget\u00e9st olvashattok, ez\u00fattal Vona-Szab\u00f3 Krisztina irodalomterapeut\u00e1t (<a href=\"https:\/\/www.instagram.com\/literakura_vszk\/?hl=hu\" target=\"_blank\" rel=\"noreferrer noopener\">Instagram<\/a>, <a href=\"https:\/\/www.facebook.com\/literakura\" target=\"_blank\" rel=\"noreferrer noopener\">Facebook<\/a>) k\u00e9rdezt\u00fck. Kriszta \u0151szinte lelkesed\u00e9ssel mes\u00e9lt nek\u00fcnk kedvenc olvasm\u00e1ny\u00e9lm\u00e9nyeir\u0151l, a sz\u00e1m\u00e1ra ide\u00e1lis olvas\u00f3sarokr\u00f3l, inspir\u00e1ci\u00f3kr\u00f3l, \u00e9s arr\u00f3l, mi mindent \u00e1rul el r\u00f3lunk a k\u00f6nyvespolcunk.<\/p>\n\n\n\n<h2 class=\"wp-block-heading\">Kedvenc olvasm\u00e1nyok<\/h2>\n\n\n\n<h4 class=\"wp-block-heading\">Mi az a 3 k\u00f6nyv, amit jelenleg sz\u00edvesen aj\u00e1nlan\u00e1l m\u00e1soknak?<\/h4>\n\n\n\n<p>Nagyon friss \u00e9lm\u00e9nyem Marlen Haushofer A fal c\u00edm\u0171 reg\u00e9nye. \u00d6sszeszorult torokkal \u00e9s gyomorgomb\u00f3ccal voltam a t\u00f6rt\u00e9netben napokig, annyira megr\u00e1z\u00f3, m\u00e9gis csodasz\u00e9p. S most, hogy befejeztem, legsz\u00edvesebben az utc\u00e1n osztogatn\u00e1m minden szembej\u00f6v\u0151nek. A t\u00f6rt\u00e9net szerint egy negyvenes n\u0151 egy reggel azzal szembes\u00fcl, hogy a csal\u00e1d h\u00e9tv\u00e9gi h\u00e1z\u00e1t k\u00f6r\u00fclvev\u0151 n\u00e9h\u00e1ny kilom\u00e9teres k\u00f6rzetben egy \u00e1tl\u00e1tsz\u00f3, t\u00f6rhetetlen fal h\u00faz\u00f3dott fel, amelyen nincs \u00e1tj\u00e1r\u00e1s. A fal t\u00faloldal\u00e1n l\u00e9v\u0151k mind k\u0151v\u00e9 dermedve meghaltak, \u0151 \u00e9s a kuty\u00e1ja pedig ott maradtak az erd\u0151ben. E diszt\u00f3pi\u00e1ban k\u00e9t \u00e9s f\u00e9l \u00e9v t\u00f6rt\u00e9net\u00e9t k\u00f6vethetj\u00fck v\u00e9gig. Mik\u00f6zben a sz\u00edv\u00fcnk beleszakad egy-egy jelenetbe, rengeteget tanulhatunk az ember \u00e9s az emberi \u00e9let igazi l\u00e9nyeg\u00e9r\u0151l, t\u00fal\u00e9l\u00e9sr\u0151l, adapt\u00e1l\u00f3d\u00e1sr\u00f3l, k\u00f6t\u0151d\u00e9sr\u0151l, a term\u00e9szettel \u00e9s az \u00e1llatokkal val\u00f3 kapcsol\u00f3d\u00e1sr\u00f3l. Egyfajta feln\u00f6v\u00e9st\u00f6rt\u00e9net Haushofer k\u00f6nyve, annak bizonys\u00e1ga, hogy sokkal t\u00f6bbre vagyunk k\u00e9pesek \u00e9s sokkal t\u00f6bbet b\u00edrunk ki, mint amit felt\u00e9telez\u00fcnk magunkr\u00f3l. Azt is megtanulhatjuk bel\u0151le, hogy n\u00e9ha csak annyi kell a teljess\u00e9ghez, ha \u00e1thelyezz\u00fck a f\u00f3kuszt. Gy\u00f6ny\u00f6r\u0171 k\u00f6nyv.<\/p>\n\n\n\n<figure class=\"wp-block-gallery has-nested-images columns-default is-cropped wp-block-gallery-1 is-layout-flex wp-block-gallery-is-layout-flex\">\n<figure class=\"wp-block-image size-large\"><img loading=\"lazy\" decoding=\"async\" width=\"480\" height=\"480\" data-id=\"8603\" src=\"https:\/\/butopea.com\/mlc\/wp-content\/uploads\/2022\/10\/ca8aa7d61404deba3ea8e4d100ea67ce.jpg\" alt=\"\" class=\"wp-image-8603\" srcset=\"https:\/\/butopea.com\/mlc\/wp-content\/uploads\/2022\/10\/ca8aa7d61404deba3ea8e4d100ea67ce.jpg 480w, https:\/\/butopea.com\/mlc\/wp-content\/uploads\/2022\/10\/ca8aa7d61404deba3ea8e4d100ea67ce-150x150.jpg 150w\" sizes=\"auto, (max-width: 480px) 100vw, 480px\" \/><\/figure>\n\n\n\n<figure class=\"wp-block-image size-large\"><img loading=\"lazy\" decoding=\"async\" width=\"564\" height=\"564\" data-id=\"8602\" src=\"https:\/\/butopea.com\/mlc\/wp-content\/uploads\/2022\/10\/9acaff3ade4287f667fa6373133cab5c.jpg\" alt=\"\" class=\"wp-image-8602\" srcset=\"https:\/\/butopea.com\/mlc\/wp-content\/uploads\/2022\/10\/9acaff3ade4287f667fa6373133cab5c.jpg 564w, https:\/\/butopea.com\/mlc\/wp-content\/uploads\/2022\/10\/9acaff3ade4287f667fa6373133cab5c-150x150.jpg 150w\" sizes=\"auto, (max-width: 564px) 100vw, 564px\" \/><\/figure>\n<\/figure>\n\n\n\n<p>A m\u00e1sik, amit az elm\u00falt ny\u00e1r v\u00e9g\u00e9n olvastam, s szint\u00e9n nagy hat\u00e1st gyakorolt r\u00e1m, Charlotte Wood H\u00e9tv\u00e9ge c\u00edm\u0171 k\u00f6tete. A reg\u00e9ny n\u00e9gy hetvenes \u00e9veikben j\u00e1r\u00f3 bar\u00e1tn\u0151 t\u00f6rt\u00e9nete. Jude, Wendy \u00e9s Adele kar\u00e1csony h\u00e9tv\u00e9g\u00e9j\u00e9n \u00f6sszej\u00f6nnek az elhunyt Sylvie \u00f3ce\u00e1nparti h\u00e1z\u00e1ban, hogy kiszan\u00e1lj\u00e1k annak h\u00e1trahagyott holmij\u00e1t.<\/p>\n\n\n\n<p>A sz\u00f6veg minim\u00e1lis narr\u00e1ci\u00f3 mellett rendk\u00edv\u00fcl er\u0151s, \u00f6nreflekt\u00edv bels\u0151 monol\u00f3gokb\u00f3l \u00e9p\u00fcl fel. Az egym\u00e1shoz \u00e9s a vil\u00e1ghoz f\u0171z\u0151d\u0151 viszonyuk elemz\u00e9se r\u00e9v\u00e9n mindh\u00e1rom n\u0151 sz\u00e1mot vet az \u00e9let\u00e9vel, a m\u00faltj\u00e1val, a j\u00f6v\u0151j\u00e9vel, a lehet\u0151s\u00e9geivel \u00e9s sok \u00e9vtizedes kapcsolatukkal. Minden szerepl\u0151t\u0151l egyszerre viszolygunk \u00e9s szeretj\u00fck \u0151ket. A k\u00f6tet \u00fagy besz\u00e9l lemond\u00e1sr\u00f3l, karrierr\u0151l, sikerr\u0151l \u00e9s \u00e1ldozatr\u00f3l, intellektusr\u00f3l, szellemi hanyatl\u00e1sr\u00f3l \u00e9s a test roml\u00e1s\u00e1val j\u00e1r\u00f3 neh\u00e9zs\u00e9gekr\u0151l, ahogy azok t\u00f6rt\u00e9nnek: nyersen, \u0151szint\u00e9n, m\u00e9gis k\u00f6nnyed\u00e9n. Nincs sz\u00e9pelg\u00e9s, nincs hazugs\u00e1g. S ez szerintem nagyon fontos a mai vil\u00e1gban. Hogy nev\u00fck\u00f6n nevezz\u00fck a dolgokat, n\u00e9zz\u00fcnk szembe vel\u00fck. Ha magunknak nem hazudunk, sokkal eredm\u00e9nyesebben j\u00e1rhatunk az \u00f6nismeret \u00fatj\u00e1n. Irodalomterapeutak\u00e9nt, seg\u00edt\u0151 szakemberk\u00e9nt nem is mondhatn\u00e9k m\u00e1st, csak azt, hogy ismerj\u00fck fel, miben vagyunk, mert ha megvan \u201eA\u201d t\u00e9m\u00e1nk, azt \u00e1t tudjuk transzform\u00e1lni a saj\u00e1t \u00e9p\u00fcl\u00e9s\u00fcnkre.<\/p>\n\n\n\n<h4 class=\"wp-block-heading\">A legmarandand\u00f3bb olvasm\u00e1ny\u00e9lm\u00e9ny<\/h4>\n\n\n\n<p>A \u201elegleg\u201d k\u00f6nyv az \u00e9letemben pedig Alexandre Dumas Monte Cristo gr\u00f3fja c\u00edm\u0171 reg\u00e9nye. Val\u00f3di self-help olvasm\u00e1ny, pedig nem 5-10 pontba szedve mondja meg, hogyan is kell boldognak lenni. Nem igaz\u00e1n olvasok el t\u00f6bbsz\u00f6r egy k\u00f6nyvet, mert sajnos \u201et\u00f6bb k\u00f6nyv, mint \u00e9let\u201d, s \u00e9n a lehet\u0151 legt\u00f6bbet meg szeretn\u00e9m ismerni. De ez az egyik, amin a terjedelme ellen\u00e9re t\u00f6bbsz\u00f6r \u00e1tr\u00e1gtam magam, minden alkalommal rajongtam \u00e9rte \u00e9s minden alkalommal \u00faj felismer\u00e9seket adott. Nagyon sz\u00e9pen r\u00e1vezet minket, hogy a d\u00f6nt\u00e9seink hat\u00e1rozz\u00e1k meg az \u00e9let\u00fcnket. Nincsenek j\u00f3 vagy rossz d\u00f6nt\u00e9sek, csak d\u00f6nt\u00e9sek vannak, de ha meghoztuk, akkor bele kell \u00e1llnunk, mert ezek a \u201ev\u00e1llal\u00e1sok\u201d. B\u00e1r adott pillanatban csup\u00e1n momentumoknak t\u0171nnek, val\u00f3j\u00e1ban olyanok, mint az antibiotikumok: ny\u00fajtott hat\u00e1s\u00faak. Lehet, hogy akkor szembes\u00fcl\u00fcnk egy kor\u00e1bbi cselekedet\u00fcnk k\u00f6vetkezm\u00e9ny\u00e9vel \u2013 nem felt\u00e9tlen\u00fcl pozit\u00edv el\u0151jellel -, amikor m\u00e1r nem is sz\u00e1m\u00edtunk r\u00e1.<\/p>\n\n\n\n<figure class=\"wp-block-gallery has-nested-images columns-default is-cropped wp-block-gallery-2 is-layout-flex wp-block-gallery-is-layout-flex\">\n<figure class=\"wp-block-image size-large\"><img loading=\"lazy\" decoding=\"async\" width=\"1080\" height=\"1080\" data-id=\"8605\" src=\"https:\/\/butopea.com\/mlc\/wp-content\/uploads\/2022\/10\/Portre6-1080x1080.jpg\" alt=\"\" class=\"wp-image-8605\" srcset=\"https:\/\/butopea.com\/mlc\/wp-content\/uploads\/2022\/10\/Portre6-1080x1080.jpg 1080w, https:\/\/butopea.com\/mlc\/wp-content\/uploads\/2022\/10\/Portre6-768x768.jpg 768w, https:\/\/butopea.com\/mlc\/wp-content\/uploads\/2022\/10\/Portre6-150x150.jpg 150w, https:\/\/butopea.com\/mlc\/wp-content\/uploads\/2022\/10\/Portre6-1536x1536.jpg 1536w, https:\/\/butopea.com\/mlc\/wp-content\/uploads\/2022\/10\/Portre6-2048x2048.jpg 2048w\" sizes=\"auto, (max-width: 1080px) 100vw, 1080px\" \/><\/figure>\n\n\n\n<figure class=\"wp-block-image size-large\"><img loading=\"lazy\" decoding=\"async\" width=\"419\" height=\"420\" data-id=\"8604\" src=\"https:\/\/butopea.com\/mlc\/wp-content\/uploads\/2022\/10\/1d7c4c38e5ab50d3493e9ee72f6f8bc1.jpg\" alt=\"\" class=\"wp-image-8604\" srcset=\"https:\/\/butopea.com\/mlc\/wp-content\/uploads\/2022\/10\/1d7c4c38e5ab50d3493e9ee72f6f8bc1.jpg 419w, https:\/\/butopea.com\/mlc\/wp-content\/uploads\/2022\/10\/1d7c4c38e5ab50d3493e9ee72f6f8bc1-150x150.jpg 150w\" sizes=\"auto, (max-width: 419px) 100vw, 419px\" \/><\/figure>\n<\/figure>\n\n\n\n<p>\u00c9n is hoztam sz\u00e1mos olyan d\u00f6nt\u00e9st kor\u00e1bban, amelyeknek k\u00e9s\u0151bb kellett viselnem a k\u00f6vetkezm\u00e9nyeit. Vannak olyan \u00e9letszakaszaim, amelyeket ma m\u00e1r m\u00e1sk\u00e9ppen alak\u00edtan\u00e9k, ha megtehetn\u00e9m. \u00c1m mivel nem tehetem, ez\u00e9rt igyekszem \u00fagy \u00e9lni, hogy ne a m\u00falton vekengjek, hanem a jelent pr\u00f3b\u00e1ljam megt\u00f6lteni \u00e9rt\u00e9kes tartalommal. A reg\u00e9nyben az is nagyon fontos, hogy a bossz\u00fan t\u00fal Monte Cristo gr\u00f3f \u00e9lvezi az \u00e9letet, kult\u00far\u00e1val, olvasm\u00e1nyokkal, min\u0151s\u00e9gi t\u00e1rsas\u00e1ggal, pazar \u00e9telekkel, j\u00f3 italokkal t\u00f6ltekezik. Mindig meg kell tal\u00e1lnunk a magunk Faria abb\u00e9j\u00e1t, akit\u0151l tanulhatunk, mert a <em>lifelong learning<\/em> \u00e9letben tart.<\/p>\n\n\n\n<p>\u00c9n \u00e9rz\u00e9kenyebb vagyok, mint a f\u0151szerepl\u0151, Edmond Dant\u00e9s. Nem tudn\u00e9k egy \u00e9leten \u00e1t gy\u0171l\u00f6lni, nem tudn\u00e9k ilyen k\u00f6vetkezetesen r\u00e9szv\u00e9tlen lenni. Nem tudn\u00e9k a saj\u00e1t f\u00e1jdalmamra \u00e9letp\u00e1ly\u00e1t \u00e9p\u00edteni \u2013 ezt is megtanultam a reg\u00e9nyb\u0151l magamr\u00f3l. Ugyanakkor csod\u00e1lom az \u00e1llhatatoss\u00e1got, \u00e9n is arra t\u00f6rekszem, hogy mindig legyenek c\u00e9ljaim, amelyek fel\u00e9 nap mint nap haladhatok. Ami pedig b\u00f3nusz: tele van a reg\u00e9ny olyan, tov\u00e1bbgondol\u00e1sra \u00e9rdemes id\u00e9zetekkel, melyek\u00e9rt a motiv\u00e1ci\u00f3s el\u0151ad\u00f3k manaps\u00e1g is s\u00edrva k\u00f6ny\u00f6r\u00f6gn\u00e9nek.<\/p>\n\n\n\n<h2 class=\"wp-block-heading\"><br>Egy k\u00f6nyvmoly kedvenc helye<\/h2>\n\n\n\n<h4 class=\"wp-block-heading\">Milyen az ide\u00e1lis olvas\u00f3sarok a sz\u00e1modra?<\/h4>\n\n\n\n<p>K\u00e9nyelmes, \u00fagy t\u00e1gas, hogy m\u00e9gis \u00e9rzem a kuck\u00f3jelleg\u00e9t, \u00e9s term\u00e9szetesen vil\u00e1gos. A t\u00e1gass\u00e1g az\u00e9rt fontos, mert el\u0151fordul, hogy a kor\u00e1bbi olvasm\u00e1nyom is ott van m\u00e9g mellettem, meg a k\u00f6vetkez\u0151 kiszemeltem is, plusz egy jegyzetf\u00fczet, ceruza, hogy az inspir\u00e1ci\u00f3imat le tudjam jegyezni, al\u00e1 tudjam h\u00fazni. \u00c1ltal\u00e1ban a kanap\u00e9 sark\u00e1ba h\u00faz\u00f3dom, amikor olvasok. A kanap\u00e9n b\u0151ven van hely, hogy k\u00f6rbeb\u00e1sty\u00e1zzam magam a fenti dolgokkal. Nappal a mellette l\u00e9v\u0151 ablakon \u00e1rad be a term\u00e9szetes f\u00e9ny, r\u00e1ad\u00e1sul a k\u00e1v\u00e9sb\u00f6gr\u00e9m is le tudom tenni az ablakp\u00e1rk\u00e1nyra. Este pedig a bel\u00f3g\u00f3 \u00e1ll\u00f3l\u00e1mpa biztos\u00edtja a vil\u00e1g\u00edt\u00e1st, melynek a f\u00e9nyer\u0151ss\u00e9ge \u00e1ll\u00edthat\u00f3, \u00edgy ha \u00e9pp csak merengeni van er\u0151m-kedvem az olvasottakon, sejtelmes f\u00e9nyben is \u00fcld\u00f6g\u00e9lhetek. Persze az\u00e9rt nem ilyen idillekb\u0151l van a legt\u00f6bb az \u00e9letemben, sokszor \u00f6r\u00fcl\u00f6k, ha n\u00e9h\u00e1ny oldalt be tudok falni egy nap. A helyet tekintve olyan vagyok, mint a macsk\u00e1k: ha megtal\u00e1ltam azt a pontot a lak\u00e1sban, ami minden szempontb\u00f3l k\u00e9nyelmes, nem nagyon v\u00e1ltoztatok.&nbsp;&nbsp;<\/p>\n\n\n\n<figure class=\"wp-block-gallery has-nested-images columns-default is-cropped wp-block-gallery-3 is-layout-flex wp-block-gallery-is-layout-flex\">\n<figure class=\"wp-block-image size-large\"><img loading=\"lazy\" decoding=\"async\" width=\"920\" height=\"920\" data-id=\"8593\" src=\"https:\/\/butopea.com\/mlc\/wp-content\/uploads\/2022\/10\/dehn-1101155d_2.jpg\" alt=\"vona-szab\u00f3 krisztina\" class=\"wp-image-8593\" srcset=\"https:\/\/butopea.com\/mlc\/wp-content\/uploads\/2022\/10\/dehn-1101155d_2.jpg 920w, https:\/\/butopea.com\/mlc\/wp-content\/uploads\/2022\/10\/dehn-1101155d_2-768x768.jpg 768w, https:\/\/butopea.com\/mlc\/wp-content\/uploads\/2022\/10\/dehn-1101155d_2-150x150.jpg 150w\" sizes=\"auto, (max-width: 920px) 100vw, 920px\" \/><figcaption><a href=\"https:\/\/butopea.com\/steppelt-fulesfotel-fenyozold-urbain\" target=\"_blank\" rel=\"noreferrer noopener\">Feny\u0151z\u00f6ld fotel<\/a><\/figcaption><\/figure>\n\n\n\n<figure class=\"wp-block-image size-large\"><img loading=\"lazy\" decoding=\"async\" width=\"1024\" height=\"1024\" data-id=\"8594\" src=\"https:\/\/butopea.com\/mlc\/wp-content\/uploads\/2022\/10\/DEJA-173259_.jpg\" alt=\"vona-szab\u00f3 krisztina\" class=\"wp-image-8594\" srcset=\"https:\/\/butopea.com\/mlc\/wp-content\/uploads\/2022\/10\/DEJA-173259_.jpg 1024w, https:\/\/butopea.com\/mlc\/wp-content\/uploads\/2022\/10\/DEJA-173259_-768x768.jpg 768w, https:\/\/butopea.com\/mlc\/wp-content\/uploads\/2022\/10\/DEJA-173259_-150x150.jpg 150w\" sizes=\"auto, (max-width: 1024px) 100vw, 1024px\" \/><figcaption><a href=\"https:\/\/butopea.com\/etno-stilusu-allolampa-fuggo-buraval-fekete-lanterne\" target=\"_blank\" rel=\"noreferrer noopener\">Etno st\u00edlus\u00fa \u00e1ll\u00f3l\u00e1mpa<\/a><\/figcaption><\/figure>\n<\/figure>\n\n\n\n<h4 class=\"wp-block-heading\"><br>Milyen k\u00f6rnyezet kell az olvas\u00e1shoz?<\/h4>\n\n\n\n<p>Tudok akkor is olvasni, ha vannak m\u00e1sok k\u00f6r\u00fcl\u00f6ttem, de ha intenz\u00edven besz\u00e9lgetnek, az kiz\u00f6kkent. Ahogy t\u00e9v\u00e9 \u00e9s r\u00e1di\u00f3 mellett sem tudok a k\u00f6nyvre koncentr\u00e1lni. Tudom, sokan relax\u00e1ci\u00f3s zen\u00e9vel fokozz\u00e1k az olvas\u00e1s\u00e9lm\u00e9nyt, nekem csend kell az elm\u00e9ly\u00fcl\u00e9shez. De k\u00fcl\u00f6n\u00f6s, hogy t\u00f6megk\u00f6zleked\u00e9si eszk\u00f6z\u00f6k\u00f6n viszont remek\u00fcl ki tudom z\u00e1rni a k\u00fclvil\u00e1got; egy zs\u00fafolt villamoson t\u00f6k\u00e9letesen bele tudok feledkezni az olvasm\u00e1nyomba, ha az belefeledkez\u00e9sre alkalmas.<\/p>\n\n\n\n<p>Az elm\u00falt n\u00e9h\u00e1ny \u00e9vben nagyon megszerettem a f\u00fcst\u00f6l\u0151z\u00e9st, naponta t\u00f6bbsz\u00f6r gy\u00fajtok. Ebben abszol\u00fat intuit\u00edv vagyok, n\u00e9h\u00e1ny illatr\u00f3l tudom, mire szok\u00e1s haszn\u00e1lni (a Darshan, a feh\u00e9r zs\u00e1lya, a mirha er\u0151s t\u00e9rtiszt\u00edt\u00f3k), de \u00e1ltal\u00e1ban belen\u00e9zek a dobozomba \u00e9s hagyom, hogy megsz\u00f3l\u00edtson, amit adott pillanatban meggy\u00fajtok. \u0150sszel \u00e9s t\u00e9len, amikor otthon vagyok, szinte eg\u00e9sz nap \u00e9g k\u00e9t team\u00e9cses sz\u00e9p, sz\u00ednes tart\u00f3ban, valahogy azt \u00e9rzem, hogy a l\u00e1ngjuk \u00f6sszek\u00f6ttet\u00e9s \u00e9g \u00e9s f\u00f6ld k\u00f6z\u00f6tt. S\u00f6t\u00e9ted\u00e9skor pedig nagyon sz\u00e9p, ahogy a f\u00e9ny\u00fck \u00e1t\u00fct a festett\u00fcveg tart\u00f3n.<\/p>\n\n\n\n<figure class=\"wp-block-image size-full\"><img loading=\"lazy\" decoding=\"async\" width=\"1809\" height=\"813\" src=\"https:\/\/butopea.com\/mlc\/wp-content\/uploads\/2022\/10\/fustolo.jpg\" alt=\"vona-szab\u00f3 krisztina\" class=\"wp-image-8592\" srcset=\"https:\/\/butopea.com\/mlc\/wp-content\/uploads\/2022\/10\/fustolo.jpg 1809w, https:\/\/butopea.com\/mlc\/wp-content\/uploads\/2022\/10\/fustolo-1024x460.jpg 1024w, https:\/\/butopea.com\/mlc\/wp-content\/uploads\/2022\/10\/fustolo-768x345.jpg 768w, https:\/\/butopea.com\/mlc\/wp-content\/uploads\/2022\/10\/fustolo-1536x690.jpg 1536w\" sizes=\"auto, (max-width: 1809px) 100vw, 1809px\" \/><\/figure>\n\n\n\n<p>Nekem nagyon fontos a rend \u00e9s tisztas\u00e1g is (kinek nem?), mert az olvas\u00e1s egy olyan tev\u00e9kenys\u00e9g, amit nem lehet\/nem illik koszban, kupler\u00e1jban m\u0171velni. A k\u00f6nyvet, a t\u00f6rt\u00e9netet megtisztelem azzal, hogy harm\u00f3ni\u00e1t teremtek a befogad\u00e1s\u00e1hoz.<\/p>\n\n\n\n<h2 class=\"wp-block-heading\"><br>Inspir\u00e1ci\u00f3k<\/h2>\n\n\n\n<h4 class=\"wp-block-heading\">Volt olyan k\u00f6nyv, ami inspir\u00e1lta a lakberendez\u00e9sedet?<\/h4>\n\n\n\n<p>Konkr\u00e9t k\u00f6nyvet nem tudok mondani, ami a lakberendez\u00e9sem inspir\u00e1lta volna, de egy id\u0151ben l\u00e1ttam a lelki szemeimmel egy olyan olvas\u00f3sarkot, ami polcos, puha, t\u00e9nyleg a sarokban van, elszepar\u00e1lt, egyfajta kult\u00fars\u00e1tor. \u00dagy k\u00e9pzeltem, ha azt siker\u00fclne megval\u00f3s\u00edtanom, \u00e1t tudn\u00e9k l\u00e9pni egy csodavil\u00e1gba, az \u00e9n k\u00f6nyves Narni\u00e1mba. Ez pont \u00edgy nem val\u00f3sult meg, de j\u00f3l \u00e9rzem magam az otthonomban. Az is \u00e9rdekes, hogy ha egy olvasm\u00e1nyom r\u00e9gi h\u00e1zban j\u00e1tsz\u00f3dik, valahogy mindig ugyanazt a h\u00e1zat l\u00e1tom magam el\u0151tt, ak\u00e1rmely reg\u00e9nyr\u0151l is van sz\u00f3. Sz\u00f3val van egy h\u00e1z valahol, amit \u201eismerek\u201d. Tal\u00e1n egyszer f\u00e9ny der\u00fcl arra, hol is van, ki\u00e9 is (volt), s milyen szerepe lehet az \u00e9letemben.<\/p>\n\n\n\n<figure class=\"wp-block-gallery has-nested-images columns-default is-cropped wp-block-gallery-4 is-layout-flex wp-block-gallery-is-layout-flex\">\n<figure class=\"wp-block-image size-large\"><img loading=\"lazy\" decoding=\"async\" width=\"1080\" height=\"1080\" data-id=\"8595\" src=\"https:\/\/butopea.com\/mlc\/wp-content\/uploads\/2022\/10\/pexels-ricardo-esquivel-1907784-1080x1080.jpg\" alt=\"vona-szab\u00f3 krisztina\" class=\"wp-image-8595\" srcset=\"https:\/\/butopea.com\/mlc\/wp-content\/uploads\/2022\/10\/pexels-ricardo-esquivel-1907784-1080x1080.jpg 1080w, https:\/\/butopea.com\/mlc\/wp-content\/uploads\/2022\/10\/pexels-ricardo-esquivel-1907784-768x768.jpg 768w, https:\/\/butopea.com\/mlc\/wp-content\/uploads\/2022\/10\/pexels-ricardo-esquivel-1907784-150x150.jpg 150w, https:\/\/butopea.com\/mlc\/wp-content\/uploads\/2022\/10\/pexels-ricardo-esquivel-1907784-1536x1536.jpg 1536w, https:\/\/butopea.com\/mlc\/wp-content\/uploads\/2022\/10\/pexels-ricardo-esquivel-1907784-2048x2048.jpg 2048w\" sizes=\"auto, (max-width: 1080px) 100vw, 1080px\" \/><\/figure>\n\n\n\n<figure class=\"wp-block-image size-full\"><img loading=\"lazy\" decoding=\"async\" width=\"1024\" height=\"1024\" data-id=\"8597\" src=\"https:\/\/butopea.com\/mlc\/wp-content\/uploads\/2022\/10\/deas-835puq3616d_1.jpg\" alt=\"vona-szab\u00f3 krisztina\" class=\"wp-image-8597\" srcset=\"https:\/\/butopea.com\/mlc\/wp-content\/uploads\/2022\/10\/deas-835puq3616d_1.jpg 1024w, https:\/\/butopea.com\/mlc\/wp-content\/uploads\/2022\/10\/deas-835puq3616d_1-768x768.jpg 768w, https:\/\/butopea.com\/mlc\/wp-content\/uploads\/2022\/10\/deas-835puq3616d_1-150x150.jpg 150w\" sizes=\"auto, (max-width: 1024px) 100vw, 1024px\" \/><figcaption><a href=\"https:\/\/butopea.com\/konyvespolc-diofa-deas-835puq3616-d\" target=\"_blank\" rel=\"noreferrer noopener\">Di\u00f3fa k\u00f6nyvespolc<\/a><\/figcaption><\/figure>\n<\/figure>\n\n\n\n<h4 class=\"wp-block-heading\"><br>Szokt\u00e1l \u00edrni? Ebben inspir\u00e1l az otthonod?<\/h4>\n\n\n\n<p>A legut\u00f3bbi fel\u00faj\u00edt\u00e1sn\u00e1l v\u00e9gre siker\u00fclt egy kis dolgoz\u00f3szob\u00e1t kialak\u00edtanunk a lak\u00e1sban. Egy nagy (nem klasszikus) \u00edr\u00f3asztalunk van, s \u00fagy oldottuk meg, hogy szemben \u00fclve egyszerre is dolgozhassunk a f\u00e9rjemmel. Nagyon sok\u00e1ig rendszeresen vezettem napl\u00f3t, ma m\u00e1r ritk\u00e1bban, de mindig firk\u00e1lgatok. Im\u00e1dom az asszoci\u00e1ci\u00f3kat, a sz\u00f3j\u00e1t\u00e9kokat. Az <a href=\"https:\/\/www.instagram.com\/5szobolertazember\/?hl=hu\" target=\"_blank\" rel=\"noreferrer noopener\">@5szobolertazember<\/a> Insta-oldalon egy \u00e9vig mindennap azt j\u00e1tszottam, hogy \u00f6t sz\u00f3ban magyar\u00e1ztam meg k\u00fcl\u00f6nb\u00f6z\u0151 jelens\u00e9geket.<\/p>\n\n\n\n<figure class=\"wp-block-gallery has-nested-images columns-default is-cropped wp-block-gallery-5 is-layout-flex wp-block-gallery-is-layout-flex\">\n<figure class=\"wp-block-image size-full\"><img loading=\"lazy\" decoding=\"async\" width=\"718\" height=\"718\" data-id=\"8600\" src=\"https:\/\/butopea.com\/mlc\/wp-content\/uploads\/2022\/10\/5szo-1.jpg\" alt=\"vona-szab\u00f3 krisztina\" class=\"wp-image-8600\" srcset=\"https:\/\/butopea.com\/mlc\/wp-content\/uploads\/2022\/10\/5szo-1.jpg 718w, https:\/\/butopea.com\/mlc\/wp-content\/uploads\/2022\/10\/5szo-1-150x150.jpg 150w\" sizes=\"auto, (max-width: 718px) 100vw, 718px\" \/><\/figure>\n\n\n\n<figure class=\"wp-block-image size-large\"><img loading=\"lazy\" decoding=\"async\" width=\"1080\" height=\"1080\" data-id=\"8598\" src=\"https:\/\/butopea.com\/mlc\/wp-content\/uploads\/2022\/10\/Lampa2-1080x1080.jpg\" alt=\"\" class=\"wp-image-8598\" srcset=\"https:\/\/butopea.com\/mlc\/wp-content\/uploads\/2022\/10\/Lampa2-1080x1080.jpg 1080w, https:\/\/butopea.com\/mlc\/wp-content\/uploads\/2022\/10\/Lampa2-768x768.jpg 768w, https:\/\/butopea.com\/mlc\/wp-content\/uploads\/2022\/10\/Lampa2-150x150.jpg 150w, https:\/\/butopea.com\/mlc\/wp-content\/uploads\/2022\/10\/Lampa2-1536x1536.jpg 1536w, https:\/\/butopea.com\/mlc\/wp-content\/uploads\/2022\/10\/Lampa2-2048x2048.jpg 2048w\" sizes=\"auto, (max-width: 1080px) 100vw, 1080px\" \/><\/figure>\n<\/figure>\n\n\n\n<p>Gy\u0171jt\u00f6m a sz\u00e9p, k\u00fcl\u00f6nleges vonalas f\u00fczeteket, tele van vel\u00fck egy szekr\u00e9nyem. Im\u00e1dom \u0151ket szagolgatni, lapozgatni, s elk\u00e9pzelni, adott darabot mire fogom haszn\u00e1lni. Az irodalomter\u00e1pi\u00e1s \u00f6nismereti csoportjaimban is nagy szerepe van a kreat\u00edv \u00edr\u00e1snak, mert az \u00edr\u00e1s kiv\u00e1l\u00f3 szem\u00e9lyis\u00e9gfejleszt\u0151, fesz\u00fclts\u00e9gold\u00f3 \u00e9s gy\u00f3gy\u00edt\u00f3 tev\u00e9kenys\u00e9g. Nem kell sz\u00e9p\u00edr\u00f3nak lennie senkinek ahhoz, hogy alkosson, s \u00e9rezze a saj\u00e1t sz\u00f6vege teremt\u00e9se k\u00f6zben felszabadul\u00f3 j\u00f3t\u00e9kony energi\u00e1kat, a megk\u00f6nnyebb\u00fcl\u00e9st, ha siker\u00fcl pap\u00edrra vetnie egy r\u00e9g\u00f3ta fesz\u00edt\u0151 neh\u00e9zs\u00e9get. Ha pedig meg is osztja a t\u00f6bbiekkel az \u00edr\u00e1s\u00e1t, az nem csak neki mag\u00e1nak lehet katartikus \u00e9lm\u00e9ny, de m\u00e1sokat is b\u00e1tor\u00edthat az ily m\u00f3don t\u00f6rt\u00e9n\u0151 \u00f6nkifejez\u00e9sre \u00e9s \u00f6ngy\u00f3gy\u00edt\u00e1sra. Term\u00e9szetesen ez saj\u00e1t tapasztalatom is, t\u00e9nyleg m\u0171k\u00f6dik.<\/p>\n\n\n\n<figure class=\"wp-block-gallery has-nested-images columns-default is-cropped wp-block-gallery-6 is-layout-flex wp-block-gallery-is-layout-flex\">\n<figure class=\"wp-block-image size-large\"><img loading=\"lazy\" decoding=\"async\" width=\"1080\" height=\"1080\" data-id=\"8606\" src=\"https:\/\/butopea.com\/mlc\/wp-content\/uploads\/2022\/10\/Irokszemben2-1080x1080.jpg\" alt=\"\" class=\"wp-image-8606\" srcset=\"https:\/\/butopea.com\/mlc\/wp-content\/uploads\/2022\/10\/Irokszemben2-1080x1080.jpg 1080w, https:\/\/butopea.com\/mlc\/wp-content\/uploads\/2022\/10\/Irokszemben2-768x768.jpg 768w, https:\/\/butopea.com\/mlc\/wp-content\/uploads\/2022\/10\/Irokszemben2-150x150.jpg 150w, https:\/\/butopea.com\/mlc\/wp-content\/uploads\/2022\/10\/Irokszemben2-1536x1536.jpg 1536w, https:\/\/butopea.com\/mlc\/wp-content\/uploads\/2022\/10\/Irokszemben2-2048x2048.jpg 2048w\" sizes=\"auto, (max-width: 1080px) 100vw, 1080px\" \/><\/figure>\n\n\n\n<figure class=\"wp-block-image size-large\"><img loading=\"lazy\" decoding=\"async\" width=\"1080\" height=\"1080\" data-id=\"8607\" src=\"https:\/\/butopea.com\/mlc\/wp-content\/uploads\/2022\/10\/pexels-caio-46274-1080x1080.jpg\" alt=\"\" class=\"wp-image-8607\" srcset=\"https:\/\/butopea.com\/mlc\/wp-content\/uploads\/2022\/10\/pexels-caio-46274-1080x1080.jpg 1080w, https:\/\/butopea.com\/mlc\/wp-content\/uploads\/2022\/10\/pexels-caio-46274-768x768.jpg 768w, https:\/\/butopea.com\/mlc\/wp-content\/uploads\/2022\/10\/pexels-caio-46274-150x150.jpg 150w, https:\/\/butopea.com\/mlc\/wp-content\/uploads\/2022\/10\/pexels-caio-46274-1536x1536.jpg 1536w, https:\/\/butopea.com\/mlc\/wp-content\/uploads\/2022\/10\/pexels-caio-46274-2048x2048.jpg 2048w\" sizes=\"auto, (max-width: 1080px) 100vw, 1080px\" \/><\/figure>\n<\/figure>\n\n\n\n<h4 class=\"wp-block-heading\">Mi sz\u00e1modra a legfontosabb az otthonod kialak\u00edt\u00e1s\u00e1ban?<\/h4>\n\n\n\n<p>Az ig\u00e9nyes funkcionalit\u00e1s. Az otthonunk nem m\u00fazeum, n\u00e1lunk nincsenek \u201etisztaszob\u00e1k\u201d vagy olyan t\u00e1rgyak, amiket csak \u00fcnnepekkor vesz\u00fcnk el\u0151. Nincs sok b\u00fatorunk, nincs sok t\u00e1rgyunk, de mindennek szerepe van, minden haszn\u00e1latban van. Az otthon az a mened\u00e9k, ahov\u00e1 minden este visszat\u00e9r\u00fcnk, s ahol minden csal\u00e1dtagnak j\u00f3l kell \u00e9reznie mag\u00e1t. Mi \u00f6ten \u00e9l\u00fcnk, h\u00e1rom ember \u00e9s a szi\u00e1mi cicaikrek, s mindannyiunknak nagyon fontos a saj\u00e1t t\u00e9r. Az otthonunkat is \u00fagy alak\u00edtottuk ki, hogy a &#8211; m\u00e1sokhoz k\u00e9pest tal\u00e1n er\u0151sebb &#8211; szepar\u00e1ci\u00f3s ig\u00e9ny\u00fcnk \u00e9rv\u00e9nyes\u00fclhessen. Van a nappali-konyha k\u00f6z\u00f6ss\u00e9gi t\u00e9r, ha t\u00e1rsas\u00e1gra v\u00e1gyunk, de mindh\u00e1rman el tudunk vonulni saj\u00e1t zugba. A cic\u00e1k pedig \u00e1ltal\u00e1ban ott vannak, ahol \u00e9n. Szeretem azt hinni, hogy a kisug\u00e1rz\u00e1som miatt, de mivel \u0151k macsk\u00e1k, \u00f6nt\u00f6rv\u00e9ny\u0171 l\u00e9nyek, ink\u00e1bb az a realit\u00e1s, hogy ott kell lenni\u00fck a legt\u00f6bbet, ahonnan a k\u00f6vetkez\u0151 \u00e9tkez\u00e9s v\u00e1rhat\u00f3. A macskakamra kulcsa pedig n\u00e1lam van.<\/p>\n\n\n\n<figure class=\"wp-block-gallery has-nested-images columns-default is-cropped wp-block-gallery-7 is-layout-flex wp-block-gallery-is-layout-flex\">\n<figure class=\"wp-block-image size-large\"><img loading=\"lazy\" decoding=\"async\" width=\"1080\" height=\"1080\" data-id=\"8609\" src=\"https:\/\/butopea.com\/mlc\/wp-content\/uploads\/2022\/10\/Anzsival4-1080x1080.jpg\" alt=\"\" class=\"wp-image-8609\" srcset=\"https:\/\/butopea.com\/mlc\/wp-content\/uploads\/2022\/10\/Anzsival4-1080x1080.jpg 1080w, https:\/\/butopea.com\/mlc\/wp-content\/uploads\/2022\/10\/Anzsival4-768x768.jpg 768w, https:\/\/butopea.com\/mlc\/wp-content\/uploads\/2022\/10\/Anzsival4-150x150.jpg 150w, https:\/\/butopea.com\/mlc\/wp-content\/uploads\/2022\/10\/Anzsival4-1536x1536.jpg 1536w, https:\/\/butopea.com\/mlc\/wp-content\/uploads\/2022\/10\/Anzsival4-2048x2048.jpg 2048w\" sizes=\"auto, (max-width: 1080px) 100vw, 1080px\" \/><\/figure>\n\n\n\n<figure class=\"wp-block-image size-large\"><img loading=\"lazy\" decoding=\"async\" width=\"772\" height=\"772\" data-id=\"8608\" src=\"https:\/\/butopea.com\/mlc\/wp-content\/uploads\/2022\/10\/cica.jpg\" alt=\"\" class=\"wp-image-8608\" srcset=\"https:\/\/butopea.com\/mlc\/wp-content\/uploads\/2022\/10\/cica.jpg 772w, https:\/\/butopea.com\/mlc\/wp-content\/uploads\/2022\/10\/cica-768x768.jpg 768w, https:\/\/butopea.com\/mlc\/wp-content\/uploads\/2022\/10\/cica-150x150.jpg 150w\" sizes=\"auto, (max-width: 772px) 100vw, 772px\" \/><figcaption><a href=\"https:\/\/www.instagram.com\/literakura_vszk\/?hl=hu\" target=\"_blank\" rel=\"noreferrer noopener\">@literakura_vszk<\/a><\/figcaption><\/figure>\n<\/figure>\n\n\n\n<h2 class=\"wp-block-heading\">Irodalom, lakberendez\u00e9s \u00e9s a l\u00e9lek<\/h2>\n\n\n\n<h4 class=\"wp-block-heading\">Sz\u00edvesen meghallgatn\u00e1nk azt is, hogy mit gondolsz az irodalom, lakberendez\u00e9s \u00e9s l\u00e9lek h\u00e1rmas kapcsolatair\u00f3l.<\/h4>\n\n\n\n<p>V\u00e9lem\u00e9nyem szerint a lelk\u00fcnk az a \u201etestr\u00e9sz\u00fcnk\u201d (tudom, ez \u00edgy furcs\u00e1n hangozhat), amely nagyon rugalmas, a legextr\u00e9mebb helyzetekhez is k\u00e9pes adapt\u00e1l\u00f3dni, \u00e1m a term\u00e9szetes k\u00f6zege m\u00e9gis az egyens\u00faly, a harm\u00f3nia. Akkor tud fejl\u0151dni, n\u00f6vekedni, ha inspir\u00e1l\u00f3 nyugalomban tartjuk. Az \u00e9n lelkem sz\u00e1m\u00e1ra az irodalom, az olvas\u00e1s az az eszk\u00f6z, ami mindig vissza\u00e1ll\u00edtja a k\u00f6z\u00e9pbe a kibillent egyens\u00faly\u00e1t. Az olvas\u00e1s \u00e9s \u00edr\u00e1s nekem mened\u00e9k, t\u00e1pl\u00e1l\u00e9k, tanul\u00e1s, kaland, \u00e9lm\u00e9ny, utaz\u00e1s, bez\u00e1rk\u00f3z\u00e1s, elvonul\u00e1s, kiny\u00edl\u00e1s, mindennapos kapcsol\u00f3d\u00e1s t\u00f6rt\u00e9netekkel, a t\u00f6rt\u00e9neteken kereszt\u00fcl a saj\u00e1t \u00e9letemmel, \u00e9s k\u00f6zvetve a szerz\u0151kkel is.<\/p>\n\n\n\n<p>A f\u00e9rjemmel 25 \u00e9ve alkotunk p\u00e1rt, t\u00f6bbsz\u00f6r k\u00f6lt\u00f6zt\u00fcnk, de k\u00e9t \u00e9ve v\u00e9gre \u00fagy rendezkedhett\u00fcnk be, hogy a k\u00f6nyvek, k\u00f6nyvespolcok adj\u00e1k az otthonunk lelk\u00e9t. T\u00f6bb ezer k\u00f6tet\u00fcnk van, tematikusan, bet\u0171rendben elhelyezve. \u00cdgy mindig tudjuk, mit hol keress\u00fcnk, s \u00fcgyel\u00fcnk arra is, hogy a gy\u0171jtem\u00e9ny\u00fcnk gyarapod\u00e1s\u00e1val a t\u00e1rol\u00e1si lehet\u0151s\u00e9gek is b\u0151v\u00fcljenek, ak\u00e1r m\u00e1s b\u00fatordarabok rov\u00e1s\u00e1ra. Nek\u00fcnk ez ad biztons\u00e1got \u00e9s otthonoss\u00e1got.<\/p>\n\n\n\n<h4 class=\"wp-block-heading\">Mit \u00e1rul el r\u00f3lunk a k\u00f6nyvespolcunk?<\/h4>\n\n\n\n<p>Hitvall\u00e1som, amit a munk\u00e1mban \u00e9s a mag\u00e1n\u00e9letben is vallok: Mutasd a k\u00f6nyved, megmondja, ki vagy! Ha vend\u00e9gs\u00e9gbe megy\u00fcnk, mindig enged\u00e9lyt k\u00e9rek, hogy v\u00e9gigmustr\u00e1lhassam a k\u00f6nyvespolcot. A k\u00f6nyvt\u00e1rol\u00f3k elhelyezked\u00e9se, st\u00edlusa \u00e9s az olvasm\u00e1nyk\u00edn\u00e1lat remek\u00fcl kirajzolja adott emberek portr\u00e9j\u00e1t: mennyire bens\u0151s\u00e9ges \u00e9lm\u00e9ny sz\u00e1mukra az olvas\u00e1s. Ha a k\u00f6nyvespolc kicsit rendezetlen, sok k\u00f6nyv van a sorba \u00e1ll\u00edtott k\u00f6tetek tetej\u00e9n is, az sz\u00e1momra azt sugallja, hogy organikus, \u00e9l\u0151 kapcsolat van k\u00f6nyvek \u00e9s olvas\u00f3juk k\u00f6z\u00f6tt. Ha a polc nagyon ped\u00e1ns, net\u00e1n sz\u00ednek szerint rendezett, akkor az az \u00e9rz\u00e9sem, hogy a k\u00f6nyvek ink\u00e1bb csak dekorelemek a lak\u00e1sban. Azt az otthont, ahol nincs k\u00f6nyv, befejezetlennek \u00e9s ridegnek \u00e9rzem, m\u00e9g akkor is, ha a legmodernebb b\u00fatorokkal \u00e9s t\u00e1rgyakkal van berendezve. Mert a k\u00f6nyv \u00f6lt\u00f6ztet: embert, lak\u00e1st, lelket.<\/p>\n\n\n\n<figure class=\"wp-block-gallery has-nested-images columns-default is-cropped wp-block-gallery-8 is-layout-flex wp-block-gallery-is-layout-flex\">\n<figure class=\"wp-block-image size-large\"><img loading=\"lazy\" decoding=\"async\" width=\"800\" height=\"798\" data-id=\"8610\" src=\"https:\/\/butopea.com\/mlc\/wp-content\/uploads\/2022\/10\/pexels-rahul-shah-1031588.jpg\" alt=\"\" class=\"wp-image-8610\" srcset=\"https:\/\/butopea.com\/mlc\/wp-content\/uploads\/2022\/10\/pexels-rahul-shah-1031588.jpg 800w, https:\/\/butopea.com\/mlc\/wp-content\/uploads\/2022\/10\/pexels-rahul-shah-1031588-770x768.jpg 770w, https:\/\/butopea.com\/mlc\/wp-content\/uploads\/2022\/10\/pexels-rahul-shah-1031588-150x150.jpg 150w, https:\/\/butopea.com\/mlc\/wp-content\/uploads\/2022\/10\/pexels-rahul-shah-1031588-768x766.jpg 768w\" sizes=\"auto, (max-width: 800px) 100vw, 800px\" \/><\/figure>\n\n\n\n<figure class=\"wp-block-image size-large\"><img loading=\"lazy\" decoding=\"async\" width=\"779\" height=\"778\" data-id=\"8611\" src=\"https:\/\/butopea.com\/mlc\/wp-content\/uploads\/2022\/10\/pexels-taryn-elliott-4440119.jpg\" alt=\"\" class=\"wp-image-8611\" srcset=\"https:\/\/butopea.com\/mlc\/wp-content\/uploads\/2022\/10\/pexels-taryn-elliott-4440119.jpg 779w, https:\/\/butopea.com\/mlc\/wp-content\/uploads\/2022\/10\/pexels-taryn-elliott-4440119-769x768.jpg 769w, https:\/\/butopea.com\/mlc\/wp-content\/uploads\/2022\/10\/pexels-taryn-elliott-4440119-150x150.jpg 150w, https:\/\/butopea.com\/mlc\/wp-content\/uploads\/2022\/10\/pexels-taryn-elliott-4440119-768x767.jpg 768w\" sizes=\"auto, (max-width: 779px) 100vw, 779px\" \/><\/figure>\n<\/figure>\n\n\n\n<p class=\"has-text-align-center\">\u25bc<\/p>\n\n\n\n<p>Kriszta el\u00e9rhet\u0151s\u00e9gei:<\/p>\n\n\n\n<p>Facebook: <a href=\"http:\/\/facebook.com\/literakura\" target=\"_blank\" rel=\"noreferrer noopener\">Literak\u00fara<\/a><\/p>\n\n\n\n<p>Weblap: <a href=\"https:\/\/literakura.hu\/\" target=\"_blank\" rel=\"noreferrer noopener\">literakura.hu<\/a><\/p>\n\n\n\n<p>Instagram: <a href=\"https:\/\/www.instagram.com\/literakura_vszk\/?hl=hu\" target=\"_blank\" rel=\"noreferrer noopener\">literakura_vszk<\/a><\/p>\n\n\n\n<p>K\u00e9pek forr\u00e1sa: <a href=\"https:\/\/www.instagram.com\/literakura_vszk\/?hl=hu\" target=\"_blank\" rel=\"noreferrer noopener\">@literakura_vszk<\/a>, <a href=\"https:\/\/butopea.com\/\" target=\"_blank\" rel=\"noreferrer noopener\">Butop\u00eaa<\/a>, <a href=\"https:\/\/www.pexels.com\/hu-hu\/\" target=\"_blank\" rel=\"noreferrer noopener\">Pexels<\/a><\/p>\n","protected":false},"excerpt":{"rendered":"<p>Folytatjuk sorozatunkat, melyben arra vagyunk k\u00edv\u00e1ncsiak, hol \u00e9s hogyan tal\u00e1lkozik az irodalom \u00e9s a lakberendez\u00e9s. A t\u00e9m\u00e1ban egy \u00fajabb izgalmas besz\u00e9lget\u00e9st olvashattok, ez\u00fattal Vona-Szab\u00f3 Krisztina irodalomterapeut\u00e1t (Instagram, Facebook) k\u00e9rdezt\u00fck. Kriszta \u0151szinte lelkesed\u00e9ssel mes\u00e9lt nek\u00fcnk kedvenc olvasm\u00e1ny\u00e9lm\u00e9nyeir\u0151l, a sz\u00e1m\u00e1ra ide\u00e1lis olvas\u00f3sarokr\u00f3l, inspir\u00e1ci\u00f3kr\u00f3l, \u00e9s arr\u00f3l, mi mindent \u00e1rul el r\u00f3lunk a k\u00f6nyvespolcunk. Kedvenc olvasm\u00e1nyok Mi az a &#8230;<\/p>\n","protected":false},"author":10,"featured_media":8601,"comment_status":"open","ping_status":"open","sticky":false,"template":"","format":"standard","meta":{"footnotes":""},"categories":[24],"tags":[159,435],"class_list":["post-8591","post","type-post","status-publish","format-standard","has-post-thumbnail","hentry","category-interjuk","tag-interju","tag-irodalom"],"yoast_head":"<!-- This site is optimized with the Yoast SEO plugin v27.5 - https:\/\/yoast.com\/product\/yoast-seo-wordpress\/ -->\n<title>Irodalom \u00e9s lakberendez\u00e9s \u2013 Interj\u00fa Vona-Szab\u00f3 Krisztin\u00e1val - My Little Corner by Butop\u00eaa<\/title>\n<meta name=\"description\" content=\"Egy \u00fajabb izgalmas besz\u00e9lget\u00e9st olvashattok, ez\u00fattal Vona-Szab\u00f3 Krisztina irodalomterapeut\u00e1t k\u00e9rdezt\u00fck az irodalomr\u00f3l \u00e9s lakberendez\u00e9sr\u0151l.\" \/>\n<meta name=\"robots\" content=\"index, follow, max-snippet:-1, max-image-preview:large, max-video-preview:-1\" \/>\n<link rel=\"canonical\" href=\"https:\/\/butopea.com\/mlc\/irodalom-es-lakberendezes-interju-vona-szabo-krisztinaval\/\" \/>\n<meta property=\"og:locale\" content=\"hu_HU\" \/>\n<meta property=\"og:type\" content=\"article\" \/>\n<meta property=\"og:title\" content=\"Irodalom \u00e9s lakberendez\u00e9s \u2013 Interj\u00fa Vona-Szab\u00f3 Krisztin\u00e1val - My Little Corner by Butop\u00eaa\" \/>\n<meta property=\"og:description\" content=\"Egy \u00fajabb izgalmas besz\u00e9lget\u00e9st olvashattok, ez\u00fattal Vona-Szab\u00f3 Krisztina irodalomterapeut\u00e1t k\u00e9rdezt\u00fck az irodalomr\u00f3l \u00e9s lakberendez\u00e9sr\u0151l.\" \/>\n<meta property=\"og:url\" content=\"https:\/\/butopea.com\/mlc\/irodalom-es-lakberendezes-interju-vona-szabo-krisztinaval\/\" \/>\n<meta property=\"og:site_name\" content=\"My Little Corner by Butop\u00eaa\" \/>\n<meta property=\"article:publisher\" content=\"https:\/\/www.facebook.com\/butopeacom\" \/>\n<meta property=\"article:published_time\" content=\"2022-10-22T12:00:00+00:00\" \/>\n<meta property=\"og:image\" content=\"https:\/\/butopea.com\/mlc\/wp-content\/uploads\/2022\/10\/MonteCmosoly2.jpg\" \/>\n\t<meta property=\"og:image:width\" content=\"2268\" \/>\n\t<meta property=\"og:image:height\" content=\"2267\" \/>\n\t<meta property=\"og:image:type\" content=\"image\/jpeg\" \/>\n<meta name=\"author\" content=\"Nagy Dorottya\" \/>\n<meta name=\"twitter:card\" content=\"summary_large_image\" \/>\n<meta name=\"twitter:creator\" content=\"@butopea\" \/>\n<meta name=\"twitter:site\" content=\"@butopea\" \/>\n<meta name=\"twitter:label1\" content=\"Szerz\u0151:\" \/>\n\t<meta name=\"twitter:data1\" content=\"Nagy Dorottya\" \/>\n\t<meta name=\"twitter:label2\" content=\"Becs\u00fclt olvas\u00e1si id\u0151\" \/>\n\t<meta name=\"twitter:data2\" content=\"13 perc\" \/>\n<!-- \/ Yoast SEO plugin. -->","yoast_head_json":{"title":"Irodalom \u00e9s lakberendez\u00e9s \u2013 Interj\u00fa Vona-Szab\u00f3 Krisztin\u00e1val - My Little Corner by Butop\u00eaa","description":"Egy \u00fajabb izgalmas besz\u00e9lget\u00e9st olvashattok, ez\u00fattal Vona-Szab\u00f3 Krisztina irodalomterapeut\u00e1t k\u00e9rdezt\u00fck az irodalomr\u00f3l \u00e9s lakberendez\u00e9sr\u0151l.","robots":{"index":"index","follow":"follow","max-snippet":"max-snippet:-1","max-image-preview":"max-image-preview:large","max-video-preview":"max-video-preview:-1"},"canonical":"https:\/\/butopea.com\/mlc\/irodalom-es-lakberendezes-interju-vona-szabo-krisztinaval\/","og_locale":"hu_HU","og_type":"article","og_title":"Irodalom \u00e9s lakberendez\u00e9s \u2013 Interj\u00fa Vona-Szab\u00f3 Krisztin\u00e1val - My Little Corner by Butop\u00eaa","og_description":"Egy \u00fajabb izgalmas besz\u00e9lget\u00e9st olvashattok, ez\u00fattal Vona-Szab\u00f3 Krisztina irodalomterapeut\u00e1t k\u00e9rdezt\u00fck az irodalomr\u00f3l \u00e9s lakberendez\u00e9sr\u0151l.","og_url":"https:\/\/butopea.com\/mlc\/irodalom-es-lakberendezes-interju-vona-szabo-krisztinaval\/","og_site_name":"My Little Corner by Butop\u00eaa","article_publisher":"https:\/\/www.facebook.com\/butopeacom","article_published_time":"2022-10-22T12:00:00+00:00","og_image":[{"width":2268,"height":2267,"url":"https:\/\/butopea.com\/mlc\/wp-content\/uploads\/2022\/10\/MonteCmosoly2.jpg","type":"image\/jpeg"}],"author":"Nagy Dorottya","twitter_card":"summary_large_image","twitter_creator":"@butopea","twitter_site":"@butopea","twitter_misc":{"Szerz\u0151:":"Nagy Dorottya","Becs\u00fclt olvas\u00e1si id\u0151":"13 perc"},"schema":{"@context":"https:\/\/schema.org","@graph":[{"@type":"Article","@id":"https:\/\/butopea.com\/mlc\/irodalom-es-lakberendezes-interju-vona-szabo-krisztinaval\/#article","isPartOf":{"@id":"https:\/\/butopea.com\/mlc\/irodalom-es-lakberendezes-interju-vona-szabo-krisztinaval\/"},"author":{"name":"Nagy Dorottya","@id":"https:\/\/butopea.com\/mlc\/#\/schema\/person\/be4a953b5496373486878fe155980705"},"headline":"Irodalom \u00e9s lakberendez\u00e9s \u2013 Interj\u00fa Vona-Szab\u00f3 Krisztin\u00e1val","datePublished":"2022-10-22T12:00:00+00:00","mainEntityOfPage":{"@id":"https:\/\/butopea.com\/mlc\/irodalom-es-lakberendezes-interju-vona-szabo-krisztinaval\/"},"wordCount":2673,"commentCount":0,"publisher":{"@id":"https:\/\/butopea.com\/mlc\/#organization"},"image":{"@id":"https:\/\/butopea.com\/mlc\/irodalom-es-lakberendezes-interju-vona-szabo-krisztinaval\/#primaryimage"},"thumbnailUrl":"https:\/\/butopea.com\/mlc\/wp-content\/uploads\/2022\/10\/MonteCmosoly2.jpg","keywords":["interj\u00fa","irodalom"],"articleSection":["Interj\u00fak"],"inLanguage":"hu","potentialAction":[{"@type":"CommentAction","name":"Comment","target":["https:\/\/butopea.com\/mlc\/irodalom-es-lakberendezes-interju-vona-szabo-krisztinaval\/#respond"]}]},{"@type":"WebPage","@id":"https:\/\/butopea.com\/mlc\/irodalom-es-lakberendezes-interju-vona-szabo-krisztinaval\/","url":"https:\/\/butopea.com\/mlc\/irodalom-es-lakberendezes-interju-vona-szabo-krisztinaval\/","name":"Irodalom \u00e9s lakberendez\u00e9s \u2013 Interj\u00fa Vona-Szab\u00f3 Krisztin\u00e1val - My Little Corner by Butop\u00eaa","isPartOf":{"@id":"https:\/\/butopea.com\/mlc\/#website"},"primaryImageOfPage":{"@id":"https:\/\/butopea.com\/mlc\/irodalom-es-lakberendezes-interju-vona-szabo-krisztinaval\/#primaryimage"},"image":{"@id":"https:\/\/butopea.com\/mlc\/irodalom-es-lakberendezes-interju-vona-szabo-krisztinaval\/#primaryimage"},"thumbnailUrl":"https:\/\/butopea.com\/mlc\/wp-content\/uploads\/2022\/10\/MonteCmosoly2.jpg","datePublished":"2022-10-22T12:00:00+00:00","description":"Egy \u00fajabb izgalmas besz\u00e9lget\u00e9st olvashattok, ez\u00fattal Vona-Szab\u00f3 Krisztina irodalomterapeut\u00e1t k\u00e9rdezt\u00fck az irodalomr\u00f3l \u00e9s lakberendez\u00e9sr\u0151l.","breadcrumb":{"@id":"https:\/\/butopea.com\/mlc\/irodalom-es-lakberendezes-interju-vona-szabo-krisztinaval\/#breadcrumb"},"inLanguage":"hu","potentialAction":[{"@type":"ReadAction","target":["https:\/\/butopea.com\/mlc\/irodalom-es-lakberendezes-interju-vona-szabo-krisztinaval\/"]}]},{"@type":"ImageObject","inLanguage":"hu","@id":"https:\/\/butopea.com\/mlc\/irodalom-es-lakberendezes-interju-vona-szabo-krisztinaval\/#primaryimage","url":"https:\/\/butopea.com\/mlc\/wp-content\/uploads\/2022\/10\/MonteCmosoly2.jpg","contentUrl":"https:\/\/butopea.com\/mlc\/wp-content\/uploads\/2022\/10\/MonteCmosoly2.jpg","width":2268,"height":2267,"caption":"vona-szabo krisztina"},{"@type":"BreadcrumbList","@id":"https:\/\/butopea.com\/mlc\/irodalom-es-lakberendezes-interju-vona-szabo-krisztinaval\/#breadcrumb","itemListElement":[{"@type":"ListItem","position":1,"name":"Home","item":"https:\/\/butopea.com\/mlc\/"},{"@type":"ListItem","position":2,"name":"Irodalom \u00e9s lakberendez\u00e9s \u2013 Interj\u00fa Vona-Szab\u00f3 Krisztin\u00e1val"}]},{"@type":"WebSite","@id":"https:\/\/butopea.com\/mlc\/#website","url":"https:\/\/butopea.com\/mlc\/","name":"My Little Corner by Butop\u00eaa","description":"Awaken your creativity","publisher":{"@id":"https:\/\/butopea.com\/mlc\/#organization"},"potentialAction":[{"@type":"SearchAction","target":{"@type":"EntryPoint","urlTemplate":"https:\/\/butopea.com\/mlc\/?s={search_term_string}"},"query-input":{"@type":"PropertyValueSpecification","valueRequired":true,"valueName":"search_term_string"}}],"inLanguage":"hu"},{"@type":"Organization","@id":"https:\/\/butopea.com\/mlc\/#organization","name":"Butop\u00eaa.com","url":"https:\/\/butopea.com\/mlc\/","logo":{"@type":"ImageObject","inLanguage":"hu","@id":"https:\/\/butopea.com\/mlc\/#\/schema\/logo\/image\/","url":"https:\/\/butopea.com\/mlc\/wp-content\/uploads\/2018\/02\/my-little-corner-by-butopea-logo.png","contentUrl":"https:\/\/butopea.com\/mlc\/wp-content\/uploads\/2018\/02\/my-little-corner-by-butopea-logo.png","width":176,"height":35,"caption":"Butop\u00eaa.com"},"image":{"@id":"https:\/\/butopea.com\/mlc\/#\/schema\/logo\/image\/"},"sameAs":["https:\/\/www.facebook.com\/butopeacom","https:\/\/x.com\/butopea","https:\/\/www.instagram.com\/butopea","https:\/\/pinterest.com\/butopea\/"]},{"@type":"Person","@id":"https:\/\/butopea.com\/mlc\/#\/schema\/person\/be4a953b5496373486878fe155980705","name":"Nagy Dorottya","image":{"@type":"ImageObject","inLanguage":"hu","@id":"https:\/\/secure.gravatar.com\/avatar\/cdf7cd591f8b3c486198c56e4320a4810e8964d73668d7aa38a3eb85866a427f?s=96&d=monsterid&r=g","url":"https:\/\/secure.gravatar.com\/avatar\/cdf7cd591f8b3c486198c56e4320a4810e8964d73668d7aa38a3eb85866a427f?s=96&d=monsterid&r=g","contentUrl":"https:\/\/secure.gravatar.com\/avatar\/cdf7cd591f8b3c486198c56e4320a4810e8964d73668d7aa38a3eb85866a427f?s=96&d=monsterid&r=g","caption":"Nagy Dorottya"},"description":"Mindig is elb\u0171v\u00f6lt a kreativit\u00e1s, a semmib\u0151l valami \u00fajat alkotni, egy egyszer\u0171ben megl\u00e1tni az egyedit. A mai fut\u00f3szalagszer\u0171 vil\u00e1gunkban fontosnak tartom, hogy legyen egy hely, ahol kiszakadunk a rohan\u00e1sb\u00f3l, ami kifejez minket, \u00e9s ahol mi kifejezhetj\u00fck magunkat, ami az otthonunk, nem puszt\u00e1n a lak\u00e1sunk. Ami a mi kreativit\u00e1sunkkal egy \u00e9p\u00fcletb\u0151l az igaz\u00e1n fontos k\u00f6z\u00f6s pillanatok helysz\u00edn\u00e9v\u00e9 v\u00e1lik.","url":"https:\/\/butopea.com\/mlc\/author\/nagy-dorottya\/"}]}},"_links":{"self":[{"href":"https:\/\/butopea.com\/mlc\/wp-json\/wp\/v2\/posts\/8591","targetHints":{"allow":["GET"]}}],"collection":[{"href":"https:\/\/butopea.com\/mlc\/wp-json\/wp\/v2\/posts"}],"about":[{"href":"https:\/\/butopea.com\/mlc\/wp-json\/wp\/v2\/types\/post"}],"author":[{"embeddable":true,"href":"https:\/\/butopea.com\/mlc\/wp-json\/wp\/v2\/users\/10"}],"replies":[{"embeddable":true,"href":"https:\/\/butopea.com\/mlc\/wp-json\/wp\/v2\/comments?post=8591"}],"version-history":[{"count":2,"href":"https:\/\/butopea.com\/mlc\/wp-json\/wp\/v2\/posts\/8591\/revisions"}],"predecessor-version":[{"id":8613,"href":"https:\/\/butopea.com\/mlc\/wp-json\/wp\/v2\/posts\/8591\/revisions\/8613"}],"wp:featuredmedia":[{"embeddable":true,"href":"https:\/\/butopea.com\/mlc\/wp-json\/wp\/v2\/media\/8601"}],"wp:attachment":[{"href":"https:\/\/butopea.com\/mlc\/wp-json\/wp\/v2\/media?parent=8591"}],"wp:term":[{"taxonomy":"category","embeddable":true,"href":"https:\/\/butopea.com\/mlc\/wp-json\/wp\/v2\/categories?post=8591"},{"taxonomy":"post_tag","embeddable":true,"href":"https:\/\/butopea.com\/mlc\/wp-json\/wp\/v2\/tags?post=8591"}],"curies":[{"name":"wp","href":"https:\/\/api.w.org\/{rel}","templated":true}]}}