{"id":8217,"date":"2022-04-21T16:00:00","date_gmt":"2022-04-21T14:00:00","guid":{"rendered":"https:\/\/butopea.com\/mlc\/?p=8217"},"modified":"2022-04-19T12:24:07","modified_gmt":"2022-04-19T10:24:07","slug":"irodalom-es-lakberendezes-interju-molnar-violaval","status":"publish","type":"post","link":"https:\/\/butopea.com\/mlc\/irodalom-es-lakberendezes-interju-molnar-violaval\/","title":{"rendered":"Irodalom \u00e9s lakberendez\u00e9s \u2013 Interj\u00fa Moln\u00e1r Viol\u00e1val"},"content":{"rendered":"\n<p>Irodalom \u00e9s lakberendez\u00e9s sok ponton tal\u00e1lkozhat egym\u00e1ssal. Mindkett\u0151t \u00e1thatja a st\u00edlus \u00e9s a m\u0171v\u00e9szet. Ez\u00e9rt szerett\u00fcnk volna egy olyan sorozatot ind\u00edtani, melyben az irodalmat j\u00f3l ismer\u0151 \u00e9s igaz\u00e1n szeret\u0151 emberekkel besz\u00e9lget\u00fcnk olvasm\u00e1ny\u00e9lm\u00e9nyeikr\u0151l, olvas\u00e1si szok\u00e1saikr\u00f3l, inspir\u00e1ci\u00f3ikr\u00f3l \u00e9s lakberendez\u00e9sr\u0151l. Els\u0151k\u00e9nt Moln\u00e1r Viola \u00fajs\u00e1g\u00edr\u00f3t \u00e9s influenszert k\u00e9rdezt\u00fck a t\u00e9m\u00e1ban. Vio Instagram oldal\u00e1n (<a href=\"https:\/\/www.instagram.com\/violaannamolnar\/\">@violaannamolnar<\/a>) rendszeresen sz\u00e1mol be arr\u00f3l, \u00e9pp mit olvas, \u00e9s k\u00f6vet\u0151it is olvas\u00e1sra buzd\u00edtja. Kedvenc k\u00f6nyvei mellett a sz\u00e1m\u00e1ra ide\u00e1lis olvas\u00f3sarokr\u00f3l \u00e9s az otthona k\u00fcl\u00f6nleges darabjair\u00f3l is besz\u00e1molt nek\u00fcnk.<\/p>\n\n\n\n<h2 class=\"wp-block-heading\">Olvasm\u00e1ny\u00e9lm\u00e9nyek<\/h2>\n\n\n\n<h4 class=\"wp-block-heading\"><strong>Mi az a h\u00e1rom k\u00f6nyv, amit jelenleg sz\u00edvesen aj\u00e1nlan\u00e1l m\u00e1soknak<\/strong>?<\/h4>\n\n\n\n<p>Daniel Keyes Vir\u00e1got Algernonnak c\u00edm\u0171 k\u00f6nyve az egyik \u00f6r\u00f6k kedvencem, mindig mindenkinek lelkesen aj\u00e1nlgatom, aki m\u00e9g nem olvasta. Hiszem, hogy jobb hely lenne a vil\u00e1g, ha mindenki elolvasn\u00e1 azt a k\u00f6nyvet. H\u00e1y J\u00e1nost\u00f3l A c\u00e9gvezet\u0151t is sz\u00edvesen aj\u00e1nlom sokaknak \u2013 b\u00e1r azt ink\u00e1bb csak azoknak, akik rendszeresen olvasnak, mert a k\u00f6nyv sz\u00f6vege nem bocs\u00e1t meg annak, akinek el-elkalandozik a figyelme olvas\u00e1s k\u00f6zben. Matt Haig \u00c9jf\u00e9l k\u00f6nyvt\u00e1r c\u00edm\u0171 k\u00f6nyve pedig egy nagyon kellemes meglepet\u00e9s volt az \u00e9letemben, \u00e9s mivel m\u00e9g kevesen ismerik itthon, szint\u00e9n megeml\u00edten\u00e9m.<\/p>\n\n\n\n<h4 class=\"wp-block-heading\"><strong>Valamelyiket sz\u00edvesen bemutatn\u00e1d p\u00e1r sz\u00f3ban?<\/strong><\/h4>\n\n\n\n<p>Az \u00c9jf\u00e9l k\u00f6nyvt\u00e1r az egyik legfrissebb olvasm\u00e1ny\u00e9lm\u00e9nyem. Az a k\u00f6nyv annyira besz\u00edvott, hogy k\u00f6r\u00fclbel\u00fcl k\u00e9t nap alatt elolvastam. Bevallom, eredetileg az\u00e9rt vettem k\u00e9zbe, mert \u00e9pp valami k\u00f6nnyedre v\u00e1gytam Robert Merle Mesters\u00e9gem a hal\u00e1l c\u00edm\u0171 m\u0171ve ut\u00e1n. Amikor Haig k\u00f6nyv\u00e9t megvettem, azt hittem, ponyv\u00e1t veszek majd k\u00e9zbe, \u00e9s enn\u00e9l nem is t\u00e9vedhettem volna nagyobbat. Ez egy nagyon b\u00f6lcs, \u00e9rt\u00e9kes k\u00f6nyv, ami fontos k\u00e9rd\u00e9seken gondolkoztatja el az olvas\u00f3t \u00e9s alapvet\u0151 \u00e9letigazs\u00e1gokra is megtan\u00edt. A m\u00f6g\u00f6tt\u00fcnk \u00e1ll\u00f3 k\u00e9t \u00e9v ut\u00e1n szerintem sokan nincsenek j\u00f3l ment\u00e1lisan, \u00e9s b\u00e1r a ter\u00e1pi\u00e1s munk\u00e1t nem helyettes\u00edti, azoknak tud egy kis kapaszkod\u00f3t ny\u00fajtani a k\u00f6nyv n\u00e9h\u00e1ny gondolata, akik rendszeresen felteszik maguknak a \u201cMi lett volna, ha?\u201d k\u00e9rd\u00e9st.<\/p>\n\n\n\n<figure class=\"wp-block-gallery columns-2 is-cropped wp-block-gallery-1 is-layout-flex wp-block-gallery-is-layout-flex\"><ul class=\"blocks-gallery-grid\"><li class=\"blocks-gallery-item\"><figure><img loading=\"lazy\" decoding=\"async\" width=\"562\" height=\"562\" src=\"https:\/\/butopea.com\/mlc\/wp-content\/uploads\/2022\/04\/8c51e29ccc18622320672da270e01fcb.jpg\" alt=\"\" data-id=\"8251\" data-full-url=\"https:\/\/butopea.com\/mlc\/wp-content\/uploads\/2022\/04\/8c51e29ccc18622320672da270e01fcb.jpg\" data-link=\"https:\/\/butopea.com\/mlc\/?attachment_id=8251\" class=\"wp-image-8251\" srcset=\"https:\/\/butopea.com\/mlc\/wp-content\/uploads\/2022\/04\/8c51e29ccc18622320672da270e01fcb.jpg 562w, https:\/\/butopea.com\/mlc\/wp-content\/uploads\/2022\/04\/8c51e29ccc18622320672da270e01fcb-150x150.jpg 150w\" sizes=\"auto, (max-width: 562px) 100vw, 562px\" \/><\/figure><\/li><li class=\"blocks-gallery-item\"><figure><img loading=\"lazy\" decoding=\"async\" width=\"673\" height=\"673\" src=\"https:\/\/butopea.com\/mlc\/wp-content\/uploads\/2022\/04\/ejfel.jpg\" alt=\"\" data-id=\"8252\" data-full-url=\"https:\/\/butopea.com\/mlc\/wp-content\/uploads\/2022\/04\/ejfel.jpg\" data-link=\"https:\/\/butopea.com\/mlc\/?attachment_id=8252\" class=\"wp-image-8252\" srcset=\"https:\/\/butopea.com\/mlc\/wp-content\/uploads\/2022\/04\/ejfel.jpg 673w, https:\/\/butopea.com\/mlc\/wp-content\/uploads\/2022\/04\/ejfel-150x150.jpg 150w\" sizes=\"auto, (max-width: 673px) 100vw, 673px\" \/><figcaption class=\"blocks-gallery-item__caption\"><a href=\"https:\/\/www.instagram.com\/violaannamolnar\/\" target=\"_blank\" rel=\"noreferrer noopener\"><span class=\"has-inline-color has-white-color\">@violaannamolnar<\/span><\/a><\/figcaption><\/figure><\/li><\/ul><\/figure>\n\n\n\n<h4 class=\"wp-block-heading\"><strong>Szerinted mi\u00e9rt lesz meghat\u00e1roz\u00f3 egy k\u00f6nyv az ember \u00e9let\u00e9ben?<\/strong><\/h4>\n\n\n\n<p>Att\u00f3l f\u00fcgg. Egy k\u00f6nyv lehet j\u00f3 a sz\u00f6veg min\u0151s\u00e9ge miatt \u00e9s a cselekm\u00e9ny, mondanival\u00f3 miatt is. Nem vagyok kult\u00farsznob, ez\u00e9rt van olyan alkot\u00e1s, amit b\u00e1r irodalmi szempontb\u00f3l nem tartok kimagasl\u00f3nak, m\u00e9gis meghat\u00e1roz\u00f3 \u00e9lm\u00e9ny az \u00e9letemben \u2013 p\u00e9ld\u00e1ul az \u00c9jf\u00e9l k\u00f6nyvt\u00e1r is ilyen.<\/p>\n\n\n\n<p>Hogy kin\u00e9l mi tal\u00e1l be, az nagyban f\u00fcgg att\u00f3l, hogy az illet\u0151 \u00e9pp milyen \u00e9letszakasz\u00e1ban j\u00e1r. Nagyon elt\u00e9r\u0151 tud lenni egy\u00e9nenk\u00e9nt, hogy ki mire k\u00edv\u00e1ncsi \u00e9pp, mit vesz \u00e9szre a vil\u00e1gb\u00f3l, milyen gondolatok foglalkoztatj\u00e1k, \u00e9s milyen k\u00e9rd\u00e9sekre keresi a v\u00e1laszt. Szerintem hajlamosak vagyunk azokat a sz\u00f6vegeket, k\u00f6nyveket kedvelni, tartalmasnak \u00edt\u00e9lni, amik az ig\u00e9nyeinkkel harmoniz\u00e1lnak.<\/p>\n\n\n\n<h4 class=\"wp-block-heading\"><strong>Neked melyik volt az a k\u00f6nyv, amit t\u00f6bbsz\u00f6r elolvast\u00e1l, \u00e9s mindig m\u00e1s fogott meg benne?<\/strong><\/h4>\n\n\n\n<p>Sajnos nem vagyok nagy \u00fajraolvas\u00f3, kev\u00e9s k\u00f6nyvet olvastam el ak\u00e1r csak k\u00e9tszer. Egyed\u00fcl A kis herceget olvastam el t\u00f6bbsz\u00f6r, b\u00e1r az sem volt m\u00e1r \u00e9vek \u00f3ta a kezemben, ideje lenne \u00fajra el\u0151vennem, k\u00edv\u00e1ncsi is vagyok r\u00e1, most \u00e9pp melyik gondolata fogna meg legink\u00e1bb. A kis herceg mindig ad valamit, \u00fajra \u00e9s \u00fajra eml\u00e9keztet az \u00e9let legfontosabb tanuls\u00e1gaira \u00e9s \u00e9rt\u00e9keire. Ha \u00fagy vessz\u00fck, kiolvashatatlan k\u00f6nyvnek tartom.<\/p>\n\n\n\n<h2 class=\"wp-block-heading\">Az ide\u00e1lis k\u00f6rnyezet \u00e9s lakberendez\u00e9s az olvas\u00e1shoz<\/h2>\n\n\n\n<h4 class=\"wp-block-heading\"><strong>Milyen az ide\u00e1lis olvas\u00f3sarok sz\u00e1modra?<\/strong><\/h4>\n\n\n\n<p>Ergon\u00f3mikus. Fontos, hogy legyen az embernek egy olyan kanap\u00e9ja, fotelja, dolgoz\u00f3sz\u00e9ke, \u00edr\u00f3asztala, ahol egy-k\u00e9t \u00f3r\u00e1ra k\u00e9nyelmesen el tud helyezkedni, hogy semmi m\u00e1sra ne kelljen figyelnie, csak a k\u00f6nyvre. Nekem egy fotelom van egy\u00e9bk\u00e9nt, abban szeretek legink\u00e1bb olvasni.<\/p>\n\n\n\n<p>Fontos a f\u00e9ny is. Napk\u00f6zben fontos, hogy el\u00e9g term\u00e9szetes f\u00e9ny legyen, este pedig fontos, hogy legyen egy j\u00f3 olvas\u00f3l\u00e1mpa melletted.<\/p>\n\n\n\n<p>Lehet, hogy egy doh\u00e1nyz\u00f3asztal sem \u00e1rt, ahova le lehet pakolni egy cs\u00e9sze forr\u00f3 te\u00e1t, a k\u00f6vetkez\u0151 k\u00f6nyvet, a telefonodat vagy b\u00e1rmit, ami j\u00f3, ha k\u00e9zn\u00e9l van.<\/p>\n\n\n\n<figure class=\"wp-block-gallery columns-3 is-cropped wp-block-gallery-2 is-layout-flex wp-block-gallery-is-layout-flex\"><ul class=\"blocks-gallery-grid\"><li class=\"blocks-gallery-item\"><figure><img loading=\"lazy\" decoding=\"async\" width=\"920\" height=\"920\" src=\"https:\/\/butopea.com\/mlc\/wp-content\/uploads\/2022\/04\/dehn-1101155d_2.jpg\" alt=\"\" data-id=\"8223\" data-full-url=\"https:\/\/butopea.com\/mlc\/wp-content\/uploads\/2022\/04\/dehn-1101155d_2.jpg\" data-link=\"https:\/\/butopea.com\/mlc\/?attachment_id=8223\" class=\"wp-image-8223\" srcset=\"https:\/\/butopea.com\/mlc\/wp-content\/uploads\/2022\/04\/dehn-1101155d_2.jpg 920w, https:\/\/butopea.com\/mlc\/wp-content\/uploads\/2022\/04\/dehn-1101155d_2-768x768.jpg 768w, https:\/\/butopea.com\/mlc\/wp-content\/uploads\/2022\/04\/dehn-1101155d_2-150x150.jpg 150w\" sizes=\"auto, (max-width: 920px) 100vw, 920px\" \/><figcaption class=\"blocks-gallery-item__caption\"><a href=\"https:\/\/butopea.com\/steppelt-fulesfotel-fenyozold-urbain\" target=\"_blank\" rel=\"noreferrer noopener\"><span class=\"has-inline-color has-white-color\">Steppelt fotel<\/span><\/a><\/figcaption><\/figure><\/li><li class=\"blocks-gallery-item\"><figure><img loading=\"lazy\" decoding=\"async\" width=\"1024\" height=\"1024\" src=\"https:\/\/butopea.com\/mlc\/wp-content\/uploads\/2022\/04\/DEJA-173259_.jpg\" alt=\"\" data-id=\"8224\" data-full-url=\"https:\/\/butopea.com\/mlc\/wp-content\/uploads\/2022\/04\/DEJA-173259_.jpg\" data-link=\"https:\/\/butopea.com\/mlc\/?attachment_id=8224\" class=\"wp-image-8224\" srcset=\"https:\/\/butopea.com\/mlc\/wp-content\/uploads\/2022\/04\/DEJA-173259_.jpg 1024w, https:\/\/butopea.com\/mlc\/wp-content\/uploads\/2022\/04\/DEJA-173259_-768x768.jpg 768w, https:\/\/butopea.com\/mlc\/wp-content\/uploads\/2022\/04\/DEJA-173259_-150x150.jpg 150w\" sizes=\"auto, (max-width: 1024px) 100vw, 1024px\" \/><figcaption class=\"blocks-gallery-item__caption\"><a href=\"https:\/\/butopea.com\/etno-stilusu-allolampa-fuggo-buraval-fekete-lanterne\" target=\"_blank\" rel=\"noreferrer noopener\"><span class=\"has-inline-color has-white-color\">Etno st\u00edlus\u00fa \u00e1ll\u00f3l\u00e1mpa<\/span><\/a><\/figcaption><\/figure><\/li><li class=\"blocks-gallery-item\"><figure><img loading=\"lazy\" decoding=\"async\" width=\"1080\" height=\"1080\" src=\"https:\/\/butopea.com\/mlc\/wp-content\/uploads\/2022\/04\/93B3868-1080x1080.jpg\" alt=\"\" data-id=\"8253\" data-full-url=\"https:\/\/butopea.com\/mlc\/wp-content\/uploads\/2022\/04\/93B3868.jpg\" data-link=\"https:\/\/butopea.com\/mlc\/?attachment_id=8253\" class=\"wp-image-8253\" srcset=\"https:\/\/butopea.com\/mlc\/wp-content\/uploads\/2022\/04\/93B3868-1080x1080.jpg 1080w, https:\/\/butopea.com\/mlc\/wp-content\/uploads\/2022\/04\/93B3868-768x768.jpg 768w, https:\/\/butopea.com\/mlc\/wp-content\/uploads\/2022\/04\/93B3868-150x150.jpg 150w, https:\/\/butopea.com\/mlc\/wp-content\/uploads\/2022\/04\/93B3868.jpg 1200w\" sizes=\"auto, (max-width: 1080px) 100vw, 1080px\" \/><figcaption class=\"blocks-gallery-item__caption\"><a href=\"https:\/\/butopea.com\/kerek-lerakoasztal-bordazott-asztallappal-feher-incas\" target=\"_blank\" rel=\"noreferrer noopener\"><span class=\"has-inline-color has-white-color\">Kerek lerak\u00f3asztal<\/span><\/a><\/figcaption><\/figure><\/li><\/ul><\/figure>\n\n\n\n<h4 class=\"wp-block-heading\"><strong>\u00c9s sz\u00ednekben van valamilyen preferenci\u00e1d?<\/strong><\/h4>\n\n\n\n<p>Amikor olvasok, teljesen elmer\u00fcl\u00f6k egy k\u00f6nyvben, ez\u00e9rt nekem szinte teljesen mindegy az olvas\u00e1s pillanat\u00e1ban, hogy milyen sz\u00ednek vesznek k\u00f6r\u00fcl. Nyilv\u00e1n az otthonomban szeretem, ha sz\u00e9p \u00e9s eszt\u00e9tikus dolgok vesznek k\u00f6rbe, de ennek olvas\u00e1s szempontj\u00e1b\u00f3l nincs jelent\u0151s\u00e9ge.<\/p>\n\n\n\n<h4 class=\"wp-block-heading\"><strong>Van valami speci\u00e1lis dolog, amit szeretsz ilyenkor a k\u00f6rnyezetedben, p\u00e9ld\u00e1ul halk zene vagy hasonl\u00f3?<\/strong><\/h4>\n\n\n\n<p>A zene zavar a koncentr\u00e1ci\u00f3ban, viszont mivel egy el\u00e9g forgalmas belv\u00e1rosi r\u00e9szen lakom, feh\u00e9r zajt n\u00e9ha szoktam \u201ehallgatni\u201d, hogy a hangzavar helyett \u00fagy \u00e9rezzem, csend vesz k\u00f6r\u00fcl. Spotifyon rengeteg ilyen lej\u00e1tsz\u00e1si lista van, n\u00e9ha alv\u00e1shoz is ig\u00e9nybe veszem ezeket.<\/p>\n\n\n\n<p>Nagyon szeretek m\u00e9g gyerty\u00e1t gy\u00fajtani, \u00e9s hangulatf\u00e9nyeket is haszn\u00e1lok: \u00e9g\u0151sorokat \u00e9s kisebb l\u00e1mp\u00e1kat. Illetve n\u00e1lam egy cs\u00e9sze tea vagy k\u00e1v\u00e9 is mindig az olvas\u00e1s r\u00e9sze.<\/p>\n\n\n\n<h4 class=\"wp-block-heading\"><strong>A hangulat kialak\u00edt\u00e1sakor szokt\u00e1l figyelni az illatokra? Van kedvenc illatod a gyerty\u00e1kb\u00f3l, vagy szeretsz p\u00e1rologtatni valamit ilyenkor?<\/strong><\/h4>\n\n\n\n<p>Illatm\u00e1ni\u00e1s vagyok, illatp\u00e1lc\u00e1kat, lak\u00e1spermetet, gyerty\u00e1kat is haszn\u00e1lok. Most \u00e9pp z\u00f6ld tea illat\u00fa gyerty\u00e1kat haszn\u00e1lok, de van egy levendul\u00e1s lak\u00e1spermetem, amit szint\u00e9n im\u00e1dok. Ezek nagyban hozz\u00e1j\u00e1rulnak ahhoz, hogy j\u00f3l \u00e9rezd magad.<\/p>\n\n\n\n<figure class=\"wp-block-gallery columns-3 is-cropped wp-block-gallery-3 is-layout-flex wp-block-gallery-is-layout-flex\"><ul class=\"blocks-gallery-grid\"><li class=\"blocks-gallery-item\"><figure><img loading=\"lazy\" decoding=\"async\" width=\"1080\" height=\"1080\" src=\"https:\/\/butopea.com\/mlc\/wp-content\/uploads\/2022\/04\/93B7557-1080x1080.jpg\" alt=\"\" data-id=\"8254\" data-full-url=\"https:\/\/butopea.com\/mlc\/wp-content\/uploads\/2022\/04\/93B7557.jpg\" data-link=\"https:\/\/butopea.com\/mlc\/?attachment_id=8254\" class=\"wp-image-8254\" srcset=\"https:\/\/butopea.com\/mlc\/wp-content\/uploads\/2022\/04\/93B7557-1080x1080.jpg 1080w, https:\/\/butopea.com\/mlc\/wp-content\/uploads\/2022\/04\/93B7557-768x768.jpg 768w, https:\/\/butopea.com\/mlc\/wp-content\/uploads\/2022\/04\/93B7557-150x150.jpg 150w, https:\/\/butopea.com\/mlc\/wp-content\/uploads\/2022\/04\/93B7557.jpg 1200w\" sizes=\"auto, (max-width: 1080px) 100vw, 1080px\" \/><figcaption class=\"blocks-gallery-item__caption\"><a href=\"https:\/\/butopea.com\/aroma-diffuzor-ajandek-szett-munovennyel-zold-eucalyptus\" target=\"_blank\" rel=\"noreferrer noopener\"><span class=\"has-inline-color has-white-color\">Aroma diff\u00fazor szett<\/span><\/a><\/figcaption><\/figure><\/li><li class=\"blocks-gallery-item\"><figure><img loading=\"lazy\" decoding=\"async\" width=\"1080\" height=\"1080\" src=\"https:\/\/butopea.com\/mlc\/wp-content\/uploads\/2022\/04\/93B0999-1080x1080.jpg\" alt=\"\" data-id=\"8258\" data-full-url=\"https:\/\/butopea.com\/mlc\/wp-content\/uploads\/2022\/04\/93B0999.jpg\" data-link=\"https:\/\/butopea.com\/mlc\/?attachment_id=8258\" class=\"wp-image-8258\" srcset=\"https:\/\/butopea.com\/mlc\/wp-content\/uploads\/2022\/04\/93B0999-1080x1080.jpg 1080w, https:\/\/butopea.com\/mlc\/wp-content\/uploads\/2022\/04\/93B0999-768x768.jpg 768w, https:\/\/butopea.com\/mlc\/wp-content\/uploads\/2022\/04\/93B0999-150x150.jpg 150w, https:\/\/butopea.com\/mlc\/wp-content\/uploads\/2022\/04\/93B0999.jpg 1200w\" sizes=\"auto, (max-width: 1080px) 100vw, 1080px\" \/><figcaption class=\"blocks-gallery-item__caption\"><a href=\"https:\/\/butopea.com\/aroma-diffuzor-usb-csatlakozoval-70-ml-feher-natur-fa-diffuse\" target=\"_blank\" rel=\"noreferrer noopener\"><span class=\"has-inline-color has-white-color\">Aroma diff\u00fazor<\/span><\/a><\/figcaption><\/figure><\/li><li class=\"blocks-gallery-item\"><figure><img loading=\"lazy\" decoding=\"async\" width=\"563\" height=\"563\" src=\"https:\/\/butopea.com\/mlc\/wp-content\/uploads\/2022\/04\/bd10b9bbe5cf43f4306d7902c36aace7.jpg\" alt=\"\" data-id=\"8259\" data-full-url=\"https:\/\/butopea.com\/mlc\/wp-content\/uploads\/2022\/04\/bd10b9bbe5cf43f4306d7902c36aace7.jpg\" data-link=\"https:\/\/butopea.com\/mlc\/?attachment_id=8259\" class=\"wp-image-8259\" srcset=\"https:\/\/butopea.com\/mlc\/wp-content\/uploads\/2022\/04\/bd10b9bbe5cf43f4306d7902c36aace7.jpg 563w, https:\/\/butopea.com\/mlc\/wp-content\/uploads\/2022\/04\/bd10b9bbe5cf43f4306d7902c36aace7-150x150.jpg 150w\" sizes=\"auto, (max-width: 563px) 100vw, 563px\" \/><\/figure><\/li><\/ul><\/figure>\n\n\n\n<h2 class=\"wp-block-heading\">Inspir\u00e1ci\u00f3k<\/h2>\n\n\n\n<h4 class=\"wp-block-heading\"><strong>Volt olyan k\u00f6nyv, ami inspir\u00e1lta a lakberendez\u00e9sedet?<\/strong><\/h4>\n\n\n\n<p>Nem volt ilyen. B\u00e1r vizu\u00e1lis t\u00edpus vagyok \u00e9s sok olyan k\u00f6nyv volt m\u00e1r a kezemben, amihez karakteres, egyedi l\u00e1tv\u00e1nyvil\u00e1got k\u00e9pzeltem el, ezek nem hatottak az otthonom berendez\u00e9s\u00e9re. Az irodalom helyett ink\u00e1bb a realit\u00e1s hat r\u00e1m ilyen t\u00e9ren: a k\u00f6lts\u00e9gtudatoss\u00e1g, az id\u0151t\u00e1ll\u00f3s\u00e1g \u00e9s a praktikum szem el\u0151tt tart\u00e1sa.<\/p>\n\n\n\n<h4 class=\"wp-block-heading\"><strong>Te szokt\u00e1l \u00edrni?<\/strong><\/h4>\n\n\n\n<p>\u00dajs\u00e1g\u00edr\u00f3k\u00e9nt \u00e9s szerkeszt\u0151k\u00e9nt dolgozom, \u00fagyhogy ha \u00fagy vessz\u00fck, napi szinten foglalkozom az \u00edr\u00e1ssal, de ez nyilv\u00e1n eg\u00e9szen m\u00e1s kateg\u00f3ria. Fikci\u00f3t m\u00e9g nem \u00edrtam, b\u00e1r m\u00e1r t\u00f6bbsz\u00f6r kac\u00e9rkodtam a gondolattal\u2026<\/p>\n\n\n\n<h4 class=\"wp-block-heading\"><strong><strong>Ha \u00edrn\u00e1l, mi adna ihletet?<\/strong><\/strong><\/h4>\n\n\n\n<p>Engem legink\u00e1bb az \u00e9let, az emberek, a karakterek, a szem\u00e9lyes t\u00f6rt\u00e9netek inspir\u00e1lnak. Nem v\u00e9letlen\u00fcl lettem szerkeszt\u0151 \u00e9s \u00fajs\u00e1g\u00edr\u00f3: ha nem is irodalmi min\u0151s\u00e9gben, de t\u00f6rt\u00e9netmes\u00e9l\u00e9ssel foglalkozom. Ha fikci\u00f3t \u00edrn\u00e9k, val\u00f3sz\u00edn\u0171leg akkor is az \u00e9let inspir\u00e1lna.<\/p>\n\n\n\n<figure class=\"wp-block-gallery columns-2 is-cropped wp-block-gallery-4 is-layout-flex wp-block-gallery-is-layout-flex\"><ul class=\"blocks-gallery-grid\"><li class=\"blocks-gallery-item\"><figure><img loading=\"lazy\" decoding=\"async\" width=\"666\" height=\"666\" src=\"https:\/\/butopea.com\/mlc\/wp-content\/uploads\/2022\/04\/viola.jpg\" alt=\"\" data-id=\"8265\" data-full-url=\"https:\/\/butopea.com\/mlc\/wp-content\/uploads\/2022\/04\/viola.jpg\" data-link=\"https:\/\/butopea.com\/mlc\/?attachment_id=8265\" class=\"wp-image-8265\" srcset=\"https:\/\/butopea.com\/mlc\/wp-content\/uploads\/2022\/04\/viola.jpg 666w, https:\/\/butopea.com\/mlc\/wp-content\/uploads\/2022\/04\/viola-150x150.jpg 150w\" sizes=\"auto, (max-width: 666px) 100vw, 666px\" \/><figcaption class=\"blocks-gallery-item__caption\"><a href=\"https:\/\/www.instagram.com\/violaannamolnar\/\" target=\"_blank\" rel=\"noreferrer noopener\"><span class=\"has-inline-color has-white-color\">@violaannamolnar<\/span><\/a><\/figcaption><\/figure><\/li><li class=\"blocks-gallery-item\"><figure><img loading=\"lazy\" decoding=\"async\" width=\"1080\" height=\"1080\" src=\"https:\/\/butopea.com\/mlc\/wp-content\/uploads\/2022\/04\/IMG_9063-1080x1080.jpg\" alt=\"\" data-id=\"8264\" data-full-url=\"https:\/\/butopea.com\/mlc\/wp-content\/uploads\/2022\/04\/IMG_9063-scaled.jpg\" data-link=\"https:\/\/butopea.com\/mlc\/?attachment_id=8264\" class=\"wp-image-8264\" srcset=\"https:\/\/butopea.com\/mlc\/wp-content\/uploads\/2022\/04\/IMG_9063-1080x1080.jpg 1080w, https:\/\/butopea.com\/mlc\/wp-content\/uploads\/2022\/04\/IMG_9063-768x768.jpg 768w, https:\/\/butopea.com\/mlc\/wp-content\/uploads\/2022\/04\/IMG_9063-150x150.jpg 150w, https:\/\/butopea.com\/mlc\/wp-content\/uploads\/2022\/04\/IMG_9063-1536x1536.jpg 1536w, https:\/\/butopea.com\/mlc\/wp-content\/uploads\/2022\/04\/IMG_9063-2048x2048.jpg 2048w\" sizes=\"auto, (max-width: 1080px) 100vw, 1080px\" \/><\/figure><\/li><\/ul><\/figure>\n\n\n\n<h2 class=\"wp-block-heading\">Saj\u00e1t \u00edzl\u00e9s \u00e9s lakberendez\u00e9s<\/h2>\n\n\n\n<h4 class=\"wp-block-heading\"><strong>Sz\u00e1modra mi a legfontosabb az otthonod kialak\u00edt\u00e1s\u00e1ban?<\/strong><\/h4>\n\n\n\n<p>Nem akarok hazudni, \u00fagyhogy azt mondom, hogy a k\u00f6lts\u00e9gtudatoss\u00e1g a legfontosabb, de szerintem ezzel sokan tudnak azonosulni. Nekem is van harmincf\u00e9le Pinterest-t\u00e1bl\u00e1m, ahol gy\u0171jt\u00f6m, hogy milyen l\u00e1tv\u00e1nyvil\u00e1got szeretek, de amikor v\u00e1logatok, akkor nem az \u00f6nmegval\u00f3s\u00edt\u00e1si sz\u00e1nd\u00e9kom \u00e1ll mindenek felett, mert nyilv\u00e1n nekem is re\u00e1lis kereteken bel\u00fcl kell gondolkodnom. Szeretem az id\u0151t\u00e1ll\u00f3 dolgokat, szeretek hossz\u00fa t\u00e1von gondolkodni \u2013 \u00e9s kell is, hogy \u00edgy gondolkodjak.<\/p>\n\n\n\n<p>Ha pedig a vizu\u00e1lis oldal\u00e1ra gondolok, akkor nem tudn\u00e9k egyetlen st\u00edlusir\u00e1nyzatot kiemelni. Legink\u00e1bb eklektikusnak l\u00e1tom az otthonomat \u00e9s saj\u00e1t magamat is. P\u00e9ld\u00e1ul ahogy szeretem a vintage ruh\u00e1kat, \u00fagy szeretem a haszn\u00e1lt b\u00fatorokat, lak\u00e1skieg\u00e9sz\u00edt\u0151ket is. P\u00e9ld\u00e1ul a sz\u0151nyegem a &#8217;60-as \u00e9vekb\u0151l sz\u00e1rmazik, a soproni sz\u0151nyeggy\u00e1r egykori term\u00e9ke, amit nagyon sok\u00e1ig vad\u00e1sztam, mire meg tudtam szerezni. Ahogy a hatvanas \u00e9vek st\u00edlusa, \u00fagy ez a sz\u0151nyeg sem egy visszafogott darab, nem tudn\u00e1m bekategoriz\u00e1lni. Mai b\u00fatorok ker\u00fcltek mell\u00e9 a lak\u00e1sba \u00e9s modern printek, illetve k\u00e9t nyomat Ol\u00e1h Ildik\u00f3t\u00f3l, akinek a st\u00edlusa megint csak egy eg\u00e9szen m\u00e1s ir\u00e1ny.<\/p>\n\n\n\n<figure class=\"wp-block-gallery columns-3 is-cropped wp-block-gallery-5 is-layout-flex wp-block-gallery-is-layout-flex\"><ul class=\"blocks-gallery-grid\"><li class=\"blocks-gallery-item\"><figure><img loading=\"lazy\" decoding=\"async\" width=\"750\" height=\"750\" src=\"https:\/\/butopea.com\/mlc\/wp-content\/uploads\/2022\/04\/FD831D0E-71F3-4ECE-AB5F-85705F367318.jpg\" alt=\"\" data-id=\"8260\" data-link=\"https:\/\/butopea.com\/mlc\/?attachment_id=8260\" class=\"wp-image-8260\" srcset=\"https:\/\/butopea.com\/mlc\/wp-content\/uploads\/2022\/04\/FD831D0E-71F3-4ECE-AB5F-85705F367318.jpg 750w, https:\/\/butopea.com\/mlc\/wp-content\/uploads\/2022\/04\/FD831D0E-71F3-4ECE-AB5F-85705F367318-150x150.jpg 150w\" sizes=\"auto, (max-width: 750px) 100vw, 750px\" \/><\/figure><\/li><li class=\"blocks-gallery-item\"><figure><img loading=\"lazy\" decoding=\"async\" width=\"1080\" height=\"1080\" src=\"https:\/\/butopea.com\/mlc\/wp-content\/uploads\/2022\/04\/IMG_9489-1080x1080.jpg\" alt=\"\" data-id=\"8261\" data-link=\"https:\/\/butopea.com\/mlc\/?attachment_id=8261\" class=\"wp-image-8261\" srcset=\"https:\/\/butopea.com\/mlc\/wp-content\/uploads\/2022\/04\/IMG_9489-1080x1080.jpg 1080w, https:\/\/butopea.com\/mlc\/wp-content\/uploads\/2022\/04\/IMG_9489-768x768.jpg 768w, https:\/\/butopea.com\/mlc\/wp-content\/uploads\/2022\/04\/IMG_9489-150x150.jpg 150w, https:\/\/butopea.com\/mlc\/wp-content\/uploads\/2022\/04\/IMG_9489-1536x1536.jpg 1536w, https:\/\/butopea.com\/mlc\/wp-content\/uploads\/2022\/04\/IMG_9489-2048x2048.jpg 2048w\" sizes=\"auto, (max-width: 1080px) 100vw, 1080px\" \/><\/figure><\/li><li class=\"blocks-gallery-item\"><figure><img loading=\"lazy\" decoding=\"async\" width=\"923\" height=\"923\" src=\"https:\/\/butopea.com\/mlc\/wp-content\/uploads\/2022\/04\/IMG_9770.jpg\" alt=\"\" data-id=\"8262\" data-full-url=\"https:\/\/butopea.com\/mlc\/wp-content\/uploads\/2022\/04\/IMG_9770.jpg\" data-link=\"https:\/\/butopea.com\/mlc\/?attachment_id=8262\" class=\"wp-image-8262\" srcset=\"https:\/\/butopea.com\/mlc\/wp-content\/uploads\/2022\/04\/IMG_9770.jpg 923w, https:\/\/butopea.com\/mlc\/wp-content\/uploads\/2022\/04\/IMG_9770-768x768.jpg 768w, https:\/\/butopea.com\/mlc\/wp-content\/uploads\/2022\/04\/IMG_9770-150x150.jpg 150w\" sizes=\"auto, (max-width: 923px) 100vw, 923px\" \/><\/figure><\/li><\/ul><\/figure>\n\n\n\n<p>Nagy tal\u00e1latom volt m\u00e9g egy Josef Hurka Bubble Lamp is, amit 3000 forint\u00e9rt siker\u00fclt megszereznem. Sokf\u00e9le dolog tal\u00e1lkozik n\u00e1lam egym\u00e1ssal \u2013 ami nem mindig szerencs\u00e9s, \u00e9s n\u00e9ha id\u0151be telik r\u00e1j\u00f6nn\u00f6m, mi \u00e9s mi\u00e9rt nem m\u0171k\u00f6dik egym\u00e1ssal \u2013, amiben van egy hatalmas adag v\u00e9letlenszer\u0171s\u00e9g, de a v\u00e9g\u00e9n a dolgok valahogy m\u00e9gis mindig \u00f6ssze\u00e1llnak egy harmonikus eg\u00e9ssz\u00e9.<\/p>\n\n\n\n<p class=\"has-text-align-center\"> \u25bc <\/p>\n\n\n\n<p>P\u00e1r kor\u00e1bbi interj\u00fa a magazinb\u00f3l:<\/p>\n\n\n\n<p><a href=\"https:\/\/butopea.com\/mlc\/lakatos-mark-interju-az-eklektikus-stilusrol\/\" target=\"_blank\" rel=\"noreferrer noopener\">Lakatos M\u00e1rk \u2013 interj\u00fa az eklektikus st\u00edlusr\u00f3l<\/a><\/p>\n\n\n\n<p><a href=\"https:\/\/butopea.com\/mlc\/interju-cserta-szandraval-rendszerezes-mesterfokon\/\" target=\"_blank\" rel=\"noreferrer noopener\">Interj\u00fa Cserta Szandr\u00e1val \u2013 Rendszerez\u00e9s mesterfokon<\/a><\/p>\n\n\n\n<p><a href=\"https:\/\/butopea.com\/mlc\/art-deco-stilus-interju\/\" target=\"_blank\" rel=\"noreferrer noopener\">Art deco st\u00edlus \u2013 Interj\u00fa Lehoczky L\u00e9na lakberendez\u0151vel<\/a><\/p>\n\n\n\n<p class=\"has-text-align-center\"> \u25bc <\/p>\n\n\n\n<p>K\u00e9pek forr\u00e1sa: <\/p>\n","protected":false},"excerpt":{"rendered":"<p>Irodalom \u00e9s lakberendez\u00e9s sok ponton tal\u00e1lkozhat egym\u00e1ssal. Mindkett\u0151t \u00e1thatja a st\u00edlus \u00e9s a m\u0171v\u00e9szet. Ez\u00e9rt szerett\u00fcnk volna egy olyan sorozatot ind\u00edtani, melyben az irodalmat j\u00f3l ismer\u0151 \u00e9s igaz\u00e1n szeret\u0151 emberekkel besz\u00e9lget\u00fcnk olvasm\u00e1ny\u00e9lm\u00e9nyeikr\u0151l, olvas\u00e1si szok\u00e1saikr\u00f3l, inspir\u00e1ci\u00f3ikr\u00f3l \u00e9s lakberendez\u00e9sr\u0151l. Els\u0151k\u00e9nt Moln\u00e1r Viola \u00fajs\u00e1g\u00edr\u00f3t \u00e9s influenszert k\u00e9rdezt\u00fck a t\u00e9m\u00e1ban. Vio Instagram oldal\u00e1n (@violaannamolnar) rendszeresen sz\u00e1mol be arr\u00f3l, \u00e9pp &#8230;<\/p>\n","protected":false},"author":10,"featured_media":8250,"comment_status":"open","ping_status":"open","sticky":false,"template":"","format":"standard","meta":{"footnotes":""},"categories":[24],"tags":[159,435,106,436,27,331],"class_list":["post-8217","post","type-post","status-publish","format-standard","has-post-thumbnail","hentry","category-interjuk","tag-interju","tag-irodalom","tag-lakberendezes","tag-olvasas","tag-otthon","tag-stilus"],"yoast_head":"<!-- This site is optimized with the Yoast SEO plugin v27.5 - https:\/\/yoast.com\/product\/yoast-seo-wordpress\/ -->\n<title>Irodalom \u00e9s lakberendez\u00e9s \u2013 Interj\u00fa Moln\u00e1r Viol\u00e1val - My Little Corner by Butop\u00eaa<\/title>\n<meta name=\"description\" content=\"Moln\u00e1r Viol\u00e1val k\u00e9sz\u00edtett\u00fcnk interj\u00fat, melyben az irodalom \u00e9s a lakberendez\u00e9s kapcsolat\u00e1r\u00f3l, olvasm\u00e1ny\u00e9lm\u00e9nyeir\u0151l k\u00e9rdezt\u00fck.\" \/>\n<meta name=\"robots\" content=\"index, follow, max-snippet:-1, max-image-preview:large, max-video-preview:-1\" \/>\n<link rel=\"canonical\" href=\"https:\/\/butopea.com\/mlc\/irodalom-es-lakberendezes-interju-molnar-violaval\/\" \/>\n<meta property=\"og:locale\" content=\"hu_HU\" \/>\n<meta property=\"og:type\" content=\"article\" \/>\n<meta property=\"og:title\" content=\"Irodalom \u00e9s lakberendez\u00e9s \u2013 Interj\u00fa Moln\u00e1r Viol\u00e1val - My Little Corner by Butop\u00eaa\" \/>\n<meta property=\"og:description\" content=\"Moln\u00e1r Viol\u00e1val k\u00e9sz\u00edtett\u00fcnk interj\u00fat, melyben az irodalom \u00e9s a lakberendez\u00e9s kapcsolat\u00e1r\u00f3l, olvasm\u00e1ny\u00e9lm\u00e9nyeir\u0151l k\u00e9rdezt\u00fck.\" \/>\n<meta property=\"og:url\" content=\"https:\/\/butopea.com\/mlc\/irodalom-es-lakberendezes-interju-molnar-violaval\/\" \/>\n<meta property=\"og:site_name\" content=\"My Little Corner by Butop\u00eaa\" \/>\n<meta property=\"article:publisher\" content=\"https:\/\/www.facebook.com\/butopeacom\" \/>\n<meta property=\"article:published_time\" content=\"2022-04-21T14:00:00+00:00\" \/>\n<meta property=\"og:image\" content=\"https:\/\/butopea.com\/mlc\/wp-content\/uploads\/2022\/04\/vio.jpg\" \/>\n\t<meta property=\"og:image:width\" content=\"835\" \/>\n\t<meta property=\"og:image:height\" content=\"831\" \/>\n\t<meta property=\"og:image:type\" content=\"image\/jpeg\" \/>\n<meta name=\"author\" content=\"Nagy Dorottya\" \/>\n<meta name=\"twitter:card\" content=\"summary_large_image\" \/>\n<meta name=\"twitter:creator\" content=\"@butopea\" \/>\n<meta name=\"twitter:site\" content=\"@butopea\" \/>\n<meta name=\"twitter:label1\" content=\"Szerz\u0151:\" \/>\n\t<meta name=\"twitter:data1\" content=\"Nagy Dorottya\" \/>\n\t<meta name=\"twitter:label2\" content=\"Becs\u00fclt olvas\u00e1si id\u0151\" \/>\n\t<meta name=\"twitter:data2\" content=\"9 perc\" \/>\n<!-- \/ Yoast SEO plugin. -->","yoast_head_json":{"title":"Irodalom \u00e9s lakberendez\u00e9s \u2013 Interj\u00fa Moln\u00e1r Viol\u00e1val - My Little Corner by Butop\u00eaa","description":"Moln\u00e1r Viol\u00e1val k\u00e9sz\u00edtett\u00fcnk interj\u00fat, melyben az irodalom \u00e9s a lakberendez\u00e9s kapcsolat\u00e1r\u00f3l, olvasm\u00e1ny\u00e9lm\u00e9nyeir\u0151l k\u00e9rdezt\u00fck.","robots":{"index":"index","follow":"follow","max-snippet":"max-snippet:-1","max-image-preview":"max-image-preview:large","max-video-preview":"max-video-preview:-1"},"canonical":"https:\/\/butopea.com\/mlc\/irodalom-es-lakberendezes-interju-molnar-violaval\/","og_locale":"hu_HU","og_type":"article","og_title":"Irodalom \u00e9s lakberendez\u00e9s \u2013 Interj\u00fa Moln\u00e1r Viol\u00e1val - My Little Corner by Butop\u00eaa","og_description":"Moln\u00e1r Viol\u00e1val k\u00e9sz\u00edtett\u00fcnk interj\u00fat, melyben az irodalom \u00e9s a lakberendez\u00e9s kapcsolat\u00e1r\u00f3l, olvasm\u00e1ny\u00e9lm\u00e9nyeir\u0151l k\u00e9rdezt\u00fck.","og_url":"https:\/\/butopea.com\/mlc\/irodalom-es-lakberendezes-interju-molnar-violaval\/","og_site_name":"My Little Corner by Butop\u00eaa","article_publisher":"https:\/\/www.facebook.com\/butopeacom","article_published_time":"2022-04-21T14:00:00+00:00","og_image":[{"width":835,"height":831,"url":"https:\/\/butopea.com\/mlc\/wp-content\/uploads\/2022\/04\/vio.jpg","type":"image\/jpeg"}],"author":"Nagy Dorottya","twitter_card":"summary_large_image","twitter_creator":"@butopea","twitter_site":"@butopea","twitter_misc":{"Szerz\u0151:":"Nagy Dorottya","Becs\u00fclt olvas\u00e1si id\u0151":"9 perc"},"schema":{"@context":"https:\/\/schema.org","@graph":[{"@type":"Article","@id":"https:\/\/butopea.com\/mlc\/irodalom-es-lakberendezes-interju-molnar-violaval\/#article","isPartOf":{"@id":"https:\/\/butopea.com\/mlc\/irodalom-es-lakberendezes-interju-molnar-violaval\/"},"author":{"name":"Nagy Dorottya","@id":"https:\/\/butopea.com\/mlc\/#\/schema\/person\/be4a953b5496373486878fe155980705"},"headline":"Irodalom \u00e9s lakberendez\u00e9s \u2013 Interj\u00fa Moln\u00e1r Viol\u00e1val","datePublished":"2022-04-21T14:00:00+00:00","mainEntityOfPage":{"@id":"https:\/\/butopea.com\/mlc\/irodalom-es-lakberendezes-interju-molnar-violaval\/"},"wordCount":1644,"commentCount":0,"publisher":{"@id":"https:\/\/butopea.com\/mlc\/#organization"},"image":{"@id":"https:\/\/butopea.com\/mlc\/irodalom-es-lakberendezes-interju-molnar-violaval\/#primaryimage"},"thumbnailUrl":"https:\/\/butopea.com\/mlc\/wp-content\/uploads\/2022\/04\/vio.jpg","keywords":["interj\u00fa","irodalom","lakberendez\u00e9s","olvas\u00e1s","otthon","st\u00edlus"],"articleSection":["Interj\u00fak"],"inLanguage":"hu","potentialAction":[{"@type":"CommentAction","name":"Comment","target":["https:\/\/butopea.com\/mlc\/irodalom-es-lakberendezes-interju-molnar-violaval\/#respond"]}]},{"@type":"WebPage","@id":"https:\/\/butopea.com\/mlc\/irodalom-es-lakberendezes-interju-molnar-violaval\/","url":"https:\/\/butopea.com\/mlc\/irodalom-es-lakberendezes-interju-molnar-violaval\/","name":"Irodalom \u00e9s lakberendez\u00e9s \u2013 Interj\u00fa Moln\u00e1r Viol\u00e1val - My Little Corner by Butop\u00eaa","isPartOf":{"@id":"https:\/\/butopea.com\/mlc\/#website"},"primaryImageOfPage":{"@id":"https:\/\/butopea.com\/mlc\/irodalom-es-lakberendezes-interju-molnar-violaval\/#primaryimage"},"image":{"@id":"https:\/\/butopea.com\/mlc\/irodalom-es-lakberendezes-interju-molnar-violaval\/#primaryimage"},"thumbnailUrl":"https:\/\/butopea.com\/mlc\/wp-content\/uploads\/2022\/04\/vio.jpg","datePublished":"2022-04-21T14:00:00+00:00","description":"Moln\u00e1r Viol\u00e1val k\u00e9sz\u00edtett\u00fcnk interj\u00fat, melyben az irodalom \u00e9s a lakberendez\u00e9s kapcsolat\u00e1r\u00f3l, olvasm\u00e1ny\u00e9lm\u00e9nyeir\u0151l k\u00e9rdezt\u00fck.","breadcrumb":{"@id":"https:\/\/butopea.com\/mlc\/irodalom-es-lakberendezes-interju-molnar-violaval\/#breadcrumb"},"inLanguage":"hu","potentialAction":[{"@type":"ReadAction","target":["https:\/\/butopea.com\/mlc\/irodalom-es-lakberendezes-interju-molnar-violaval\/"]}]},{"@type":"ImageObject","inLanguage":"hu","@id":"https:\/\/butopea.com\/mlc\/irodalom-es-lakberendezes-interju-molnar-violaval\/#primaryimage","url":"https:\/\/butopea.com\/mlc\/wp-content\/uploads\/2022\/04\/vio.jpg","contentUrl":"https:\/\/butopea.com\/mlc\/wp-content\/uploads\/2022\/04\/vio.jpg","width":835,"height":831,"caption":"lakberendez\u00e9s"},{"@type":"BreadcrumbList","@id":"https:\/\/butopea.com\/mlc\/irodalom-es-lakberendezes-interju-molnar-violaval\/#breadcrumb","itemListElement":[{"@type":"ListItem","position":1,"name":"Home","item":"https:\/\/butopea.com\/mlc\/"},{"@type":"ListItem","position":2,"name":"Irodalom \u00e9s lakberendez\u00e9s \u2013 Interj\u00fa Moln\u00e1r Viol\u00e1val"}]},{"@type":"WebSite","@id":"https:\/\/butopea.com\/mlc\/#website","url":"https:\/\/butopea.com\/mlc\/","name":"My Little Corner by Butop\u00eaa","description":"Awaken your creativity","publisher":{"@id":"https:\/\/butopea.com\/mlc\/#organization"},"potentialAction":[{"@type":"SearchAction","target":{"@type":"EntryPoint","urlTemplate":"https:\/\/butopea.com\/mlc\/?s={search_term_string}"},"query-input":{"@type":"PropertyValueSpecification","valueRequired":true,"valueName":"search_term_string"}}],"inLanguage":"hu"},{"@type":"Organization","@id":"https:\/\/butopea.com\/mlc\/#organization","name":"Butop\u00eaa.com","url":"https:\/\/butopea.com\/mlc\/","logo":{"@type":"ImageObject","inLanguage":"hu","@id":"https:\/\/butopea.com\/mlc\/#\/schema\/logo\/image\/","url":"https:\/\/butopea.com\/mlc\/wp-content\/uploads\/2018\/02\/my-little-corner-by-butopea-logo.png","contentUrl":"https:\/\/butopea.com\/mlc\/wp-content\/uploads\/2018\/02\/my-little-corner-by-butopea-logo.png","width":176,"height":35,"caption":"Butop\u00eaa.com"},"image":{"@id":"https:\/\/butopea.com\/mlc\/#\/schema\/logo\/image\/"},"sameAs":["https:\/\/www.facebook.com\/butopeacom","https:\/\/x.com\/butopea","https:\/\/www.instagram.com\/butopea","https:\/\/pinterest.com\/butopea\/"]},{"@type":"Person","@id":"https:\/\/butopea.com\/mlc\/#\/schema\/person\/be4a953b5496373486878fe155980705","name":"Nagy Dorottya","image":{"@type":"ImageObject","inLanguage":"hu","@id":"https:\/\/secure.gravatar.com\/avatar\/cdf7cd591f8b3c486198c56e4320a4810e8964d73668d7aa38a3eb85866a427f?s=96&d=monsterid&r=g","url":"https:\/\/secure.gravatar.com\/avatar\/cdf7cd591f8b3c486198c56e4320a4810e8964d73668d7aa38a3eb85866a427f?s=96&d=monsterid&r=g","contentUrl":"https:\/\/secure.gravatar.com\/avatar\/cdf7cd591f8b3c486198c56e4320a4810e8964d73668d7aa38a3eb85866a427f?s=96&d=monsterid&r=g","caption":"Nagy Dorottya"},"description":"Mindig is elb\u0171v\u00f6lt a kreativit\u00e1s, a semmib\u0151l valami \u00fajat alkotni, egy egyszer\u0171ben megl\u00e1tni az egyedit. A mai fut\u00f3szalagszer\u0171 vil\u00e1gunkban fontosnak tartom, hogy legyen egy hely, ahol kiszakadunk a rohan\u00e1sb\u00f3l, ami kifejez minket, \u00e9s ahol mi kifejezhetj\u00fck magunkat, ami az otthonunk, nem puszt\u00e1n a lak\u00e1sunk. Ami a mi kreativit\u00e1sunkkal egy \u00e9p\u00fcletb\u0151l az igaz\u00e1n fontos k\u00f6z\u00f6s pillanatok helysz\u00edn\u00e9v\u00e9 v\u00e1lik.","url":"https:\/\/butopea.com\/mlc\/author\/nagy-dorottya\/"}]}},"_links":{"self":[{"href":"https:\/\/butopea.com\/mlc\/wp-json\/wp\/v2\/posts\/8217","targetHints":{"allow":["GET"]}}],"collection":[{"href":"https:\/\/butopea.com\/mlc\/wp-json\/wp\/v2\/posts"}],"about":[{"href":"https:\/\/butopea.com\/mlc\/wp-json\/wp\/v2\/types\/post"}],"author":[{"embeddable":true,"href":"https:\/\/butopea.com\/mlc\/wp-json\/wp\/v2\/users\/10"}],"replies":[{"embeddable":true,"href":"https:\/\/butopea.com\/mlc\/wp-json\/wp\/v2\/comments?post=8217"}],"version-history":[{"count":6,"href":"https:\/\/butopea.com\/mlc\/wp-json\/wp\/v2\/posts\/8217\/revisions"}],"predecessor-version":[{"id":8266,"href":"https:\/\/butopea.com\/mlc\/wp-json\/wp\/v2\/posts\/8217\/revisions\/8266"}],"wp:featuredmedia":[{"embeddable":true,"href":"https:\/\/butopea.com\/mlc\/wp-json\/wp\/v2\/media\/8250"}],"wp:attachment":[{"href":"https:\/\/butopea.com\/mlc\/wp-json\/wp\/v2\/media?parent=8217"}],"wp:term":[{"taxonomy":"category","embeddable":true,"href":"https:\/\/butopea.com\/mlc\/wp-json\/wp\/v2\/categories?post=8217"},{"taxonomy":"post_tag","embeddable":true,"href":"https:\/\/butopea.com\/mlc\/wp-json\/wp\/v2\/tags?post=8217"}],"curies":[{"name":"wp","href":"https:\/\/api.w.org\/{rel}","templated":true}]}}