{"id":7486,"date":"2021-09-10T16:00:00","date_gmt":"2021-09-10T14:00:00","guid":{"rendered":"https:\/\/butopea.com\/mlc\/?p=7486"},"modified":"2021-09-07T15:32:30","modified_gmt":"2021-09-07T13:32:30","slug":"eklektikus-stilus-interju-jarai-szeglet-orsival","status":"publish","type":"post","link":"https:\/\/butopea.com\/mlc\/eklektikus-stilus-interju-jarai-szeglet-orsival\/","title":{"rendered":"Eklektikus st\u00edlus \u2013 interj\u00fa J\u00e1rai-Szeglet Orsival"},"content":{"rendered":"\n<p>El\u0151fordulhat, hogy \u00fagy \u00e9rezz\u00fck otthonunk berendez\u00e9se el\u0151tt, hogy nem tudn\u00e1nk egyetlen st\u00edlus mellett letenni a voksunkat. Az eklektikus st\u00edlus azonban \u00e9pp arr\u00f3l sz\u00f3l, hogy k\u00fcl\u00f6nb\u00f6z\u0151 lakberendez\u00e9si st\u00edlusokat \u00f6tv\u00f6z, mindegyiknek kihaszn\u00e1lja az aktu\u00e1lis lak\u00e1shoz ill\u0151 adotts\u00e1gait. T\u00f6k\u00e9letes v\u00e1laszt\u00e1s, ha nem szeretn\u00e9nk egy st\u00edlus keretei k\u00f6z\u00e9 szor\u00edtkozni, igaz\u00e1n szem\u00e9lyre szeretn\u00e9nk szabni a bels\u0151 teret, \u00e9s szabadj\u00e1ra szeretn\u00e9nk engedni a kreativit\u00e1sunkat. De hogy nem v\u00e1lik ez az izgalmas v\u00e1logat\u00e1s hatalmas k\u00e1ossz\u00e1, mi az \u00edzl\u00e9ses eklektika titka, \u00e9s mi a st\u00edlus m\u00faltja? J\u00e1rai-Szeglet Orsi (<a href=\"https:\/\/www.instagram.com\/szegletorsi\/\" target=\"_blank\" rel=\"noreferrer noopener\">@szegletorsi<\/a>, <a href=\"https:\/\/jaraiszegletorsi.hu\/\" target=\"_blank\" rel=\"noreferrer noopener\">jaraiszegletorsi.hu<\/a>) lakberendez\u0151vel kerest\u00fck ezekre a k\u00e9rd\u00e9sekre a v\u00e1laszokat.<\/p>\n\n\n\n<h2 class=\"wp-block-heading\">Mit nevez\u00fcnk eklektikus st\u00edlusnak?<\/h2>\n\n\n\n<blockquote class=\"wp-block-quote is-layout-flow wp-block-quote-is-layout-flow\"><p>Eklektikus st\u00edlusnak nevezz\u00fck azt, amikor egy t\u00e9rben k\u00fcl\u00f6nf\u00e9le st\u00edlusok, ir\u00e1nyzatok \u00e9s korok b\u00fatorait, anyagait \u00e9s dekor\u00e1ci\u00f3s elemeit haszn\u00e1ljuk.<\/p><cite>foglalta \u00f6ssze Orsi.<\/cite><\/blockquote>\n\n\n\n<p>Ha kiv\u00e1lasztunk egy lakberendez\u00e9si st\u00edlust, p\u00e9ld\u00e1ul a <a href=\"https:\/\/butopea.com\/mlc\/?s=skandin%C3%A1v\" target=\"_blank\" rel=\"noreferrer noopener\">skandin\u00e1v st\u00edlust<\/a> vagy az <a href=\"https:\/\/butopea.com\/mlc\/?s=art+deco\" target=\"_blank\" rel=\"noreferrer noopener\">art d\u00e9cot<\/a>, \u00e9s maradunk a tiszta st\u00edlusn\u00e1l, akkor keretek k\u00f6z\u00e9 vagyunk szor\u00edtva. Egy nem a st\u00edlushoz ill\u0151 t\u00e1rgy k\u00f6nnyen felbor\u00edthatja a berendez\u00e9s harm\u00f3ni\u00e1j\u00e1t, \u00e9s ut\u00f3lag is neh\u00e9z v\u00e1ltoztatni, kieg\u00e9sz\u00edteni a berendez\u00e9st. Az eklektikus st\u00edlusn\u00e1l ezzel szemben viszont egy lakberendez\u00e9si st\u00edlus adhat f\u0151 ir\u00e1nyvonalat, ezut\u00e1n pedig a megfelel\u0151 ar\u00e1nyban \u00edzl\u00e9sesen v\u00e1logathatunk a st\u00edlusok k\u00f6z\u00fcl. \u00cdgy sokkal j\u00e1t\u00e9kosabb \u00e9s egyedibb lesz a v\u00e9geredm\u00e9ny.<\/p>\n\n\n\n<figure class=\"wp-block-gallery columns-2 is-cropped wp-block-gallery-1 is-layout-flex wp-block-gallery-is-layout-flex\"><ul class=\"blocks-gallery-grid\"><li class=\"blocks-gallery-item\"><figure><img loading=\"lazy\" decoding=\"async\" width=\"575\" height=\"575\" src=\"https:\/\/butopea.com\/mlc\/wp-content\/uploads\/2021\/09\/vizsgamunka_render_nappali_latvanyterv-1-1024x576-1.jpg\" alt=\"eklektikus st\u00edlus\" data-id=\"7488\" data-link=\"https:\/\/butopea.com\/mlc\/?attachment_id=7488\" class=\"wp-image-7488\" srcset=\"https:\/\/butopea.com\/mlc\/wp-content\/uploads\/2021\/09\/vizsgamunka_render_nappali_latvanyterv-1-1024x576-1.jpg 575w, https:\/\/butopea.com\/mlc\/wp-content\/uploads\/2021\/09\/vizsgamunka_render_nappali_latvanyterv-1-1024x576-1-150x150.jpg 150w\" sizes=\"auto, (max-width: 575px) 100vw, 575px\" \/><figcaption class=\"blocks-gallery-item__caption\"><a href=\"https:\/\/jaraiszegletorsi.hu\/\" target=\"_blank\" rel=\"noreferrer noopener\"><span class=\"has-inline-color has-white-color\">jaraiszegletorsi.hu<\/span><\/a><\/figcaption><\/figure><\/li><li class=\"blocks-gallery-item\"><figure><img loading=\"lazy\" decoding=\"async\" width=\"1081\" height=\"1080\" src=\"https:\/\/butopea.com\/mlc\/wp-content\/uploads\/2021\/09\/eklektikus-1-1081x1080.jpg\" alt=\"\" data-id=\"7491\" data-full-url=\"https:\/\/butopea.com\/mlc\/wp-content\/uploads\/2021\/09\/eklektikus-1.jpg\" data-link=\"https:\/\/butopea.com\/mlc\/?attachment_id=7491\" class=\"wp-image-7491\" srcset=\"https:\/\/butopea.com\/mlc\/wp-content\/uploads\/2021\/09\/eklektikus-1-1081x1080.jpg 1081w, https:\/\/butopea.com\/mlc\/wp-content\/uploads\/2021\/09\/eklektikus-1-769x768.jpg 769w, https:\/\/butopea.com\/mlc\/wp-content\/uploads\/2021\/09\/eklektikus-1-150x150.jpg 150w, https:\/\/butopea.com\/mlc\/wp-content\/uploads\/2021\/09\/eklektikus-1-768x767.jpg 768w, https:\/\/butopea.com\/mlc\/wp-content\/uploads\/2021\/09\/eklektikus-1.jpg 1200w\" sizes=\"auto, (max-width: 1081px) 100vw, 1081px\" \/><figcaption class=\"blocks-gallery-item__caption\"><a href=\"https:\/\/hu.pinterest.com\/\" target=\"_blank\" rel=\"noreferrer noopener\"><span class=\"has-inline-color has-white-color\">pinterest.com<\/span><\/a><\/figcaption><\/figure><\/li><\/ul><\/figure>\n\n\n\n<h2 class=\"wp-block-heading\">Az eklektikus st\u00edlus m\u00faltja<\/h2>\n\n\n\n<p>J\u00e1rai-Szeglet Orsit\u00f3l megtudtuk, hogy az eklektika a XIX. sz\u00e1zadban alakult ki \u00e9p\u00edt\u00e9szeti st\u00edlusk\u00e9nt. Mivel a XIX. sz\u00e1zadi polg\u00e1rs\u00e1gnak nem volt saj\u00e1t st\u00edlusform\u00e1ja, ez\u00e9rt kor\u00e1bbi st\u00edlusir\u00e1nyokhoz ny\u00faltak vissza, azokat moderniz\u00e1lt\u00e1k. Az eklektika sz\u00f3 is erre a v\u00e1logat\u00f3 elj\u00e1r\u00e1sra utal \u2013 h\u00edvta fel figyelm\u00fcnket Orsi. Mivel ekkor t\u00f6rt\u00e9nelmi st\u00edlusform\u00e1kat kevertek, nevezhetj\u00fck ezt hisztorizmusnak is. A mai eklektika azonban sokkal sz\u00e9lesebb spektrumr\u00f3l v\u00e1logathat. Olyan st\u00edlusokat is keverhet, amelyek a XIX. sz\u00e1zadban m\u00e9g nem is voltak ismertek, p\u00e9ld\u00e1ul a shabby chic vagy a high tech. Teh\u00e1t m\u00edg kezdetben kifejezetten a r\u00e9gi, t\u00f6rt\u00e9nelmi ir\u00e1nyzatok kever\u00e9se jelentette az eklektik\u00e1t, ma m\u00e1r ez szinte elk\u00e9pzelhetetlen, \u00e9s a modern st\u00edlusok is k\u00e9pviseltetik magukat egy eklektikus enteri\u0151rben.<\/p>\n\n\n\n<figure class=\"wp-block-gallery columns-2 is-cropped wp-block-gallery-2 is-layout-flex wp-block-gallery-is-layout-flex\"><ul class=\"blocks-gallery-grid\"><li class=\"blocks-gallery-item\"><figure><img loading=\"lazy\" decoding=\"async\" width=\"1079\" height=\"1080\" src=\"https:\/\/butopea.com\/mlc\/wp-content\/uploads\/2021\/09\/BJP_0160-1079x1080.jpg\" alt=\"\" data-id=\"7492\" data-link=\"https:\/\/butopea.com\/mlc\/?attachment_id=7492\" class=\"wp-image-7492\" srcset=\"https:\/\/butopea.com\/mlc\/wp-content\/uploads\/2021\/09\/BJP_0160-1079x1080.jpg 1079w, https:\/\/butopea.com\/mlc\/wp-content\/uploads\/2021\/09\/BJP_0160-768x768.jpg 768w, https:\/\/butopea.com\/mlc\/wp-content\/uploads\/2021\/09\/BJP_0160-150x150.jpg 150w, https:\/\/butopea.com\/mlc\/wp-content\/uploads\/2021\/09\/BJP_0160-1536x1536.jpg 1536w, https:\/\/butopea.com\/mlc\/wp-content\/uploads\/2021\/09\/BJP_0160.jpg 1999w\" sizes=\"auto, (max-width: 1079px) 100vw, 1079px\" \/><figcaption class=\"blocks-gallery-item__caption\"><a href=\"https:\/\/www.instagram.com\/szegletorsi\/\" target=\"_blank\" rel=\"noreferrer noopener\"><span class=\"has-inline-color has-white-color\">@szegletorsi<\/span><\/a><\/figcaption><\/figure><\/li><li class=\"blocks-gallery-item\"><figure><img loading=\"lazy\" decoding=\"async\" width=\"1080\" height=\"1080\" src=\"https:\/\/butopea.com\/mlc\/wp-content\/uploads\/2021\/09\/eklektika-1080x1080.jpg\" alt=\"eklektikus st\u00edlus\" data-id=\"7493\" data-full-url=\"https:\/\/butopea.com\/mlc\/wp-content\/uploads\/2021\/09\/eklektika.jpg\" data-link=\"https:\/\/butopea.com\/mlc\/?attachment_id=7493\" class=\"wp-image-7493\" srcset=\"https:\/\/butopea.com\/mlc\/wp-content\/uploads\/2021\/09\/eklektika-1080x1080.jpg 1080w, https:\/\/butopea.com\/mlc\/wp-content\/uploads\/2021\/09\/eklektika-768x768.jpg 768w, https:\/\/butopea.com\/mlc\/wp-content\/uploads\/2021\/09\/eklektika-150x150.jpg 150w, https:\/\/butopea.com\/mlc\/wp-content\/uploads\/2021\/09\/eklektika-1536x1536.jpg 1536w, https:\/\/butopea.com\/mlc\/wp-content\/uploads\/2021\/09\/eklektika.jpg 1596w\" sizes=\"auto, (max-width: 1080px) 100vw, 1080px\" \/><figcaption class=\"blocks-gallery-item__caption\"><a href=\"https:\/\/hu.pinterest.com\/\" target=\"_blank\" rel=\"noreferrer noopener\"><span class=\"has-inline-color has-white-color\">pinterest.com<\/span><\/a><\/figcaption><\/figure><\/li><\/ul><\/figure>\n\n\n\n<h2 class=\"wp-block-heading\">Hogyan val\u00f3s\u00edtsd meg saj\u00e1t otthonodban is?<\/h2>\n\n\n\n<blockquote class=\"wp-block-quote is-layout-flow wp-block-quote-is-layout-flow\"><p>Ha megvan a ter\u00fcnk koncepci\u00f3ja \u00e9s vez\u00e9rfonala, akkor a minimalista b\u00fatorokt\u00f3l kezdve a barokkos d\u00edsz\u00edtetts\u00e9ggel rendelkez\u0151 darabokon \u00e1t b\u00e1rmi beker\u00fclhet egy eklektikus t\u00e9rbe.<\/p><\/blockquote>\n\n\n\n<p>Az eklektikus st\u00edlus nagyon nagy szabads\u00e1got jelent. Kedv\u00fcnkre v\u00e1logathatunk a st\u00edlusok k\u00f6z\u00f6tt. Azonban \u00e9pp a legnagyobb el\u0151nye a legnagyobb vesz\u00e9lye is. K\u00f6nnyen lehet, hogy ebben a nagy szabads\u00e1gban, a k\u00fcl\u00f6nf\u00e9le anyagokat, sz\u00edneket \u00e9s b\u00fatorokat \u00f6sszehordva, csak egy nagy katyvasz lesz a v\u00e9geredm\u00e9ny. Orsi ez\u00e9rt javasolt n\u00e9h\u00e1ny \u201etedd-ne tedd\u201d szab\u00e1lyt, amiket ha k\u00f6vet\u00fcnk, \u00edzl\u00e9ses \u00e9s kellemes lesz a v\u00e9geredm\u00e9ny.<\/p>\n\n\n\n<ol class=\"wp-block-list\" type=\"1\"><li>Keverd a text\u00far\u00e1kat, p\u00e9ld\u00e1ul nagy f\u00e9mes fel\u00fcleteket puhab\u00e1rsonnyal, selyemmel!<\/li><li>NE haszn\u00e1lj egy text\u00far\u00e1t t\u00f6bbsz\u00f6r!<\/li><li>Hagyj \u00fcres tereket, nem kell mindent bezs\u00fafolni!<\/li><li>NE haszn\u00e1lj fel minden megl\u00e9v\u0151 vagy neked tetsz\u0151 b\u00fatort, dekort!<\/li><li>Haszn\u00e1lj dekor\u00e1ci\u00f3k\u00e9nt haszn\u00e1lati t\u00e1rgyakat!<\/li><li>NE hagyd el a f\u00f3kuszpontot, legyen egy vez\u00e9rfonalad!<\/li><li>V\u00e1lassz mark\u00e1ns, karakteres sz\u00edneket, mint a kir\u00e1lyk\u00e9k vagy a smaragd!<\/li><li>NE l\u00e9gy k\u00f6vetkezetlen!<\/li><li>A st\u00edlusok, anyagok \u00e9s sz\u00ednek k\u00f6z\u00f6tt legyen egyens\u00faly!<\/li><li>NE indulj ki abb\u00f3l, hogy az eklektikus st\u00edlusban minden megy mindenhez!<\/li><li>B\u00e1tran k\u00eds\u00e9rletezz \u00faj st\u00edlusokkal, ut\u00f3lag is dobd fel vel\u00fck eklektikus berendez\u00e9sed!<\/li><\/ol>\n\n\n\n<figure class=\"wp-block-gallery columns-2 is-cropped wp-block-gallery-3 is-layout-flex wp-block-gallery-is-layout-flex\"><ul class=\"blocks-gallery-grid\"><li class=\"blocks-gallery-item\"><figure><img loading=\"lazy\" decoding=\"async\" width=\"907\" height=\"908\" src=\"https:\/\/butopea.com\/mlc\/wp-content\/uploads\/2021\/09\/eklektika2.jpg\" alt=\"eklektikus st\u00edlus\" data-id=\"7495\" data-full-url=\"https:\/\/butopea.com\/mlc\/wp-content\/uploads\/2021\/09\/eklektika2.jpg\" data-link=\"https:\/\/butopea.com\/mlc\/?attachment_id=7495\" class=\"wp-image-7495\" srcset=\"https:\/\/butopea.com\/mlc\/wp-content\/uploads\/2021\/09\/eklektika2.jpg 907w, https:\/\/butopea.com\/mlc\/wp-content\/uploads\/2021\/09\/eklektika2-767x768.jpg 767w, https:\/\/butopea.com\/mlc\/wp-content\/uploads\/2021\/09\/eklektika2-150x150.jpg 150w, https:\/\/butopea.com\/mlc\/wp-content\/uploads\/2021\/09\/eklektika2-768x769.jpg 768w\" sizes=\"auto, (max-width: 907px) 100vw, 907px\" \/><figcaption class=\"blocks-gallery-item__caption\"><a href=\"https:\/\/hu.pinterest.com\/\" target=\"_blank\" rel=\"noreferrer noopener\"><span class=\"has-inline-color has-white-color\">pinterest.com<\/span><\/a><\/figcaption><\/figure><\/li><li class=\"blocks-gallery-item\"><figure><img loading=\"lazy\" decoding=\"async\" width=\"736\" height=\"736\" src=\"https:\/\/butopea.com\/mlc\/wp-content\/uploads\/2021\/09\/eklektika3.jpg\" alt=\"\" data-id=\"7494\" data-full-url=\"https:\/\/butopea.com\/mlc\/wp-content\/uploads\/2021\/09\/eklektika3.jpg\" data-link=\"https:\/\/butopea.com\/mlc\/?attachment_id=7494\" class=\"wp-image-7494\" srcset=\"https:\/\/butopea.com\/mlc\/wp-content\/uploads\/2021\/09\/eklektika3.jpg 736w, https:\/\/butopea.com\/mlc\/wp-content\/uploads\/2021\/09\/eklektika3-150x150.jpg 150w\" sizes=\"auto, (max-width: 736px) 100vw, 736px\" \/><figcaption class=\"blocks-gallery-item__caption\"><a href=\"https:\/\/hu.pinterest.com\/\" target=\"_blank\" rel=\"noreferrer noopener\"><span class=\"has-inline-color has-white-color\">pinterest.com<\/span><\/a><\/figcaption><\/figure><\/li><\/ul><\/figure>\n\n\n\n<h2 class=\"wp-block-heading\">Az eklektikus st\u00edlus \u201emust have\u201d-jei<\/h2>\n\n\n\n<p>Hozz\u00e1szokhatunk a t\u00f6bbi lakberendez\u00e9si st\u00edlusn\u00e1l, hogy vannak olyan alapdarabok, amik seg\u00edtenek elind\u00edtani a berendez\u00e9s folyamat\u00e1t. Nos, az eklektikus st\u00edlusn\u00e1l nincs ilyen kifejezett elem, ami elengedhetetlen. T\u00e9nyleg teljesen a saj\u00e1t \u00edzl\u00e9s\u00fcnkre van b\u00edzva, hogy a lakberendez\u00e9si st\u00edlusok k\u00f6z\u00fcl miket v\u00e1logatunk be, \u00e9s hova tessz\u00fck a f\u00f3kuszpontot. Ink\u00e1bb alapelvekhez, mintsem konkr\u00e9t elemekhez kell ragaszkodnunk. Orsi m\u00e9g egy gondolatot f\u0171z\u00f6tt hozz\u00e1:<\/p>\n\n\n\n<blockquote class=\"wp-block-quote is-layout-flow wp-block-quote-is-layout-flow\"><p>Az er\u0151teljes sz\u00ednek \u00e9s text\u00far\u00e1k kevered\u00e9se viszont alapfelt\u00e9tel.<\/p><\/blockquote>\n\n\n\n<figure class=\"wp-block-gallery columns-2 is-cropped wp-block-gallery-4 is-layout-flex wp-block-gallery-is-layout-flex\"><ul class=\"blocks-gallery-grid\"><li class=\"blocks-gallery-item\"><figure><img loading=\"lazy\" decoding=\"async\" width=\"749\" height=\"750\" src=\"https:\/\/butopea.com\/mlc\/wp-content\/uploads\/2021\/09\/eklektika4.jpg\" alt=\"\" data-id=\"7497\" data-full-url=\"https:\/\/butopea.com\/mlc\/wp-content\/uploads\/2021\/09\/eklektika4.jpg\" data-link=\"https:\/\/butopea.com\/mlc\/?attachment_id=7497\" class=\"wp-image-7497\" srcset=\"https:\/\/butopea.com\/mlc\/wp-content\/uploads\/2021\/09\/eklektika4.jpg 749w, https:\/\/butopea.com\/mlc\/wp-content\/uploads\/2021\/09\/eklektika4-150x150.jpg 150w\" sizes=\"auto, (max-width: 749px) 100vw, 749px\" \/><figcaption class=\"blocks-gallery-item__caption\"><a href=\"https:\/\/hu.pinterest.com\/\" target=\"_blank\" rel=\"noreferrer noopener\"><span class=\"has-inline-color has-white-color\">pinterest.com<\/span><\/a><\/figcaption><\/figure><\/li><li class=\"blocks-gallery-item\"><figure><img loading=\"lazy\" decoding=\"async\" width=\"484\" height=\"485\" src=\"https:\/\/butopea.com\/mlc\/wp-content\/uploads\/2021\/09\/eklektika5.jpg\" alt=\"eklektikus st\u00edlus\" data-id=\"7498\" data-full-url=\"https:\/\/butopea.com\/mlc\/wp-content\/uploads\/2021\/09\/eklektika5.jpg\" data-link=\"https:\/\/butopea.com\/mlc\/?attachment_id=7498\" class=\"wp-image-7498\" srcset=\"https:\/\/butopea.com\/mlc\/wp-content\/uploads\/2021\/09\/eklektika5.jpg 484w, https:\/\/butopea.com\/mlc\/wp-content\/uploads\/2021\/09\/eklektika5-150x150.jpg 150w\" sizes=\"auto, (max-width: 484px) 100vw, 484px\" \/><figcaption class=\"blocks-gallery-item__caption\"><a href=\"https:\/\/hu.pinterest.com\/\" target=\"_blank\" rel=\"noreferrer noopener\"><span class=\"has-inline-color has-white-color\">pinterest.com<\/span><\/a><\/figcaption><\/figure><\/li><\/ul><\/figure>\n\n\n\n<h2 class=\"wp-block-heading\">Az eklektikus st\u00edlus napjainkban<\/h2>\n\n\n\n<p>A <a href=\"https:\/\/butopea.com\/mlc\/skandinav-stilus-interju\/\" target=\"_blank\" rel=\"noreferrer noopener\">Perjesi Patr\u00edci\u00e1val k\u00e9sz\u00fclt interj\u00fankban<\/a> megtudtuk, hogy a skandin\u00e1v st\u00edlusnak is vannak \u00fajabb ir\u00e1nyzatai, p\u00e9ld\u00e1ul a most felkapott <a href=\"https:\/\/butopea.com\/mlc\/japan-lakberendezes\/\" target=\"_blank\" rel=\"noreferrer noopener\">japandi<\/a>. K\u00edv\u00e1ncsiak voltunk, az eklektikus st\u00edlusnak is vannak-e ilyen modernebb ut\u00f3dai. Orsi az \u00fagynevezett \u201eEclectic Glamour\u201d st\u00edlust eml\u00edtette, amely k\u00e9t m\u00e1r n\u00e9pszer\u0171 ir\u00e1ny friss f\u00fazi\u00f3ja.<\/p>\n\n\n\n<blockquote class=\"wp-block-quote is-layout-flow wp-block-quote-is-layout-flow\"><p>Korszakok \u00e9s st\u00edlusok kever\u00e9k\u00e9n alapulva az eklektikus glamour egyed\u00fcl\u00e1ll\u00f3 lakberendez\u00e9si trend, mivel lehet\u0151v\u00e9 teszi, hogy aki be akarja \u00e9p\u00edteni otthon\u00e1ba a glamour st\u00edlust, szem\u00e9lyre szabhatja azt tetsz\u00e9s szerint. Ak\u00e1r a modern keveredik a hagyom\u00e1nyos elemekkel, ak\u00e1r a mer\u00e9sz, f\u00e9nyes fel\u00fcletek a puha kieg\u00e9sz\u00edt\u0151kkel, ak\u00e1r a piros a lila sz\u00ednnel, az eklektikus glamour lehet\u0151v\u00e9 teszi, hogy teljesen egyedi, szem\u00e9lyreszabott bels\u0151 teret hozzunk l\u00e9tre.<\/p><\/blockquote>\n\n\n\n<p>Azonban Orsi itt is felh\u00edvja a figyelm\u00fcnket arra, hogy az eklektikus st\u00edlus eset\u00e9ben milyen fontos, hogy tartsuk az \u00edzl\u00e9ses ar\u00e1nyokat, \u00e9s megtal\u00e1ljuk az egyens\u00falyt az \u00f6sszk\u00e9p szintj\u00e9n.<\/p>\n\n\n\n<figure class=\"wp-block-gallery columns-2 is-cropped wp-block-gallery-5 is-layout-flex wp-block-gallery-is-layout-flex\"><ul class=\"blocks-gallery-grid\"><li class=\"blocks-gallery-item\"><figure><img loading=\"lazy\" decoding=\"async\" width=\"640\" height=\"640\" src=\"https:\/\/butopea.com\/mlc\/wp-content\/uploads\/2021\/09\/eklektika8.jpg\" alt=\"eklektikus st\u00edlus\" data-id=\"7499\" data-full-url=\"https:\/\/butopea.com\/mlc\/wp-content\/uploads\/2021\/09\/eklektika8.jpg\" data-link=\"https:\/\/butopea.com\/mlc\/?attachment_id=7499\" class=\"wp-image-7499\" srcset=\"https:\/\/butopea.com\/mlc\/wp-content\/uploads\/2021\/09\/eklektika8.jpg 640w, https:\/\/butopea.com\/mlc\/wp-content\/uploads\/2021\/09\/eklektika8-150x150.jpg 150w\" sizes=\"auto, (max-width: 640px) 100vw, 640px\" \/><figcaption class=\"blocks-gallery-item__caption\"><a href=\"https:\/\/hu.pinterest.com\/\" target=\"_blank\" rel=\"noreferrer noopener\"><span class=\"has-inline-color has-white-color\">pinterest.com<\/span><\/a><\/figcaption><\/figure><\/li><li class=\"blocks-gallery-item\"><figure><img loading=\"lazy\" decoding=\"async\" width=\"1003\" height=\"1004\" src=\"https:\/\/butopea.com\/mlc\/wp-content\/uploads\/2021\/09\/eklektika10.jpg\" alt=\"\" data-id=\"7501\" data-full-url=\"https:\/\/butopea.com\/mlc\/wp-content\/uploads\/2021\/09\/eklektika10.jpg\" data-link=\"https:\/\/butopea.com\/mlc\/?attachment_id=7501\" class=\"wp-image-7501\" srcset=\"https:\/\/butopea.com\/mlc\/wp-content\/uploads\/2021\/09\/eklektika10.jpg 1003w, https:\/\/butopea.com\/mlc\/wp-content\/uploads\/2021\/09\/eklektika10-767x768.jpg 767w, https:\/\/butopea.com\/mlc\/wp-content\/uploads\/2021\/09\/eklektika10-150x150.jpg 150w, https:\/\/butopea.com\/mlc\/wp-content\/uploads\/2021\/09\/eklektika10-768x769.jpg 768w\" sizes=\"auto, (max-width: 1003px) 100vw, 1003px\" \/><figcaption class=\"blocks-gallery-item__caption\"><a href=\"https:\/\/hu.pinterest.com\/\" target=\"_blank\" rel=\"noreferrer noopener\"><span class=\"has-inline-color has-white-color\">pinterest.com<\/span><\/a><\/figcaption><\/figure><\/li><\/ul><\/figure>\n\n\n\n<h2 class=\"wp-block-heading\">Az eklektikus st\u00edlus alkot\u00f3i<\/h2>\n\n\n\n<p>Mivel az eklektikus st\u00edlus rengeteg lehet\u0151s\u00e9get rejt, nagyon n\u00e9pszer\u0171 a modern lakberendez\u0151k k\u00f6z\u00f6tt is.<\/p>\n\n\n\n<blockquote class=\"wp-block-quote is-layout-flow wp-block-quote-is-layout-flow\"><p>Az egyik kedvenc eklektikus st\u00edlusban tev\u00e9keny tervez\u0151m Kelly Wearstler.<\/p><cite>mondta Orsi.<\/cite><\/blockquote>\n\n\n\n<p>Az \u00e1ltala alkotott terek t\u00f6bb \u00e9rz\u00e9kszerv\u00fcnkre hatnak egyszerre, rendk\u00edv\u00fcl inspirat\u00edvak. El\u0151szeretettel j\u00e1tszik a text\u00far\u00e1kkal, sz\u00ednekkel, egym\u00e1shoz els\u0151re tal\u00e1n nem ill\u0151 form\u00e1kkal, modern \u00e9s vintage darabokat kever egym\u00e1ssal.<\/p>\n\n\n\n<figure class=\"wp-block-gallery columns-2 is-cropped wp-block-gallery-6 is-layout-flex wp-block-gallery-is-layout-flex\"><ul class=\"blocks-gallery-grid\"><li class=\"blocks-gallery-item\"><figure><img loading=\"lazy\" decoding=\"async\" width=\"1080\" height=\"1080\" src=\"https:\/\/butopea.com\/mlc\/wp-content\/uploads\/2021\/09\/wearstler-1080x1080.jpg\" alt=\"eklektikus st\u00edlus\" data-id=\"7502\" data-full-url=\"https:\/\/butopea.com\/mlc\/wp-content\/uploads\/2021\/09\/wearstler.jpg\" data-link=\"https:\/\/butopea.com\/mlc\/?attachment_id=7502\" class=\"wp-image-7502\" srcset=\"https:\/\/butopea.com\/mlc\/wp-content\/uploads\/2021\/09\/wearstler-1080x1080.jpg 1080w, https:\/\/butopea.com\/mlc\/wp-content\/uploads\/2021\/09\/wearstler-768x768.jpg 768w, https:\/\/butopea.com\/mlc\/wp-content\/uploads\/2021\/09\/wearstler-150x150.jpg 150w, https:\/\/butopea.com\/mlc\/wp-content\/uploads\/2021\/09\/wearstler.jpg 1440w\" sizes=\"auto, (max-width: 1080px) 100vw, 1080px\" \/><figcaption class=\"blocks-gallery-item__caption\"><a href=\"https:\/\/www.kellywearstler.com\/home\" target=\"_blank\" rel=\"noreferrer noopener\"><span class=\"has-inline-color has-white-color\">kellywearstler.com<\/span><\/a><\/figcaption><\/figure><\/li><li class=\"blocks-gallery-item\"><figure><img loading=\"lazy\" decoding=\"async\" width=\"1080\" height=\"1080\" src=\"https:\/\/butopea.com\/mlc\/wp-content\/uploads\/2021\/09\/wears-1080x1080.jpg\" alt=\"\" data-id=\"7503\" data-full-url=\"https:\/\/butopea.com\/mlc\/wp-content\/uploads\/2021\/09\/wears.jpg\" data-link=\"https:\/\/butopea.com\/mlc\/?attachment_id=7503\" class=\"wp-image-7503\" srcset=\"https:\/\/butopea.com\/mlc\/wp-content\/uploads\/2021\/09\/wears-1080x1080.jpg 1080w, https:\/\/butopea.com\/mlc\/wp-content\/uploads\/2021\/09\/wears-768x768.jpg 768w, https:\/\/butopea.com\/mlc\/wp-content\/uploads\/2021\/09\/wears-150x150.jpg 150w, https:\/\/butopea.com\/mlc\/wp-content\/uploads\/2021\/09\/wears.jpg 1440w\" sizes=\"auto, (max-width: 1080px) 100vw, 1080px\" \/><figcaption class=\"blocks-gallery-item__caption\"><a href=\"https:\/\/www.kellywearstler.com\/home\" target=\"_blank\" rel=\"noreferrer noopener\"><span class=\"has-inline-color has-white-color\">kellywearstler.com<\/span><\/a><\/figcaption><\/figure><\/li><\/ul><\/figure>\n\n\n\n<p class=\"has-text-align-center\">\u25bc<\/p>\n\n\n\n<p>Kor\u00e1bbi cikk\u00fcnk az eklektikus st\u00edlusr\u00f3l:<\/p>\n\n\n\n<p><a href=\"https:\/\/butopea.com\/mlc\/eklektikus-stilus-a-lakberendezesben\/\" target=\"_blank\" rel=\"noreferrer noopener\">Eklektikus st\u00edlus a lakberendez\u00e9sben<\/a><\/p>\n\n\n\n<p class=\"has-text-align-center\">\u25bc<\/p>\n\n\n\n<p>K\u00e9pek forr\u00e1sa: Pinterest, <a href=\"https:\/\/jaraiszegletorsi.hu\/\" target=\"_blank\" rel=\"noreferrer noopener\">jaraiszegletorsi.hu<\/a>, <a href=\"https:\/\/www.kellywearstler.com\/home\" target=\"_blank\" rel=\"noreferrer noopener\">kellywearstler.com<\/a><\/p>\n","protected":false},"excerpt":{"rendered":"<p>El\u0151fordulhat, hogy \u00fagy \u00e9rezz\u00fck otthonunk berendez\u00e9se el\u0151tt, hogy nem tudn\u00e1nk egyetlen st\u00edlus mellett letenni a voksunkat. Az eklektikus st\u00edlus azonban \u00e9pp arr\u00f3l sz\u00f3l, hogy k\u00fcl\u00f6nb\u00f6z\u0151 lakberendez\u00e9si st\u00edlusokat \u00f6tv\u00f6z, mindegyiknek kihaszn\u00e1lja az aktu\u00e1lis lak\u00e1shoz ill\u0151 adotts\u00e1gait. T\u00f6k\u00e9letes v\u00e1laszt\u00e1s, ha nem szeretn\u00e9nk egy st\u00edlus keretei k\u00f6z\u00e9 szor\u00edtkozni, igaz\u00e1n szem\u00e9lyre szeretn\u00e9nk szabni a bels\u0151 teret, \u00e9s szabadj\u00e1ra szeretn\u00e9nk &#8230;<\/p>\n","protected":false},"author":10,"featured_media":7487,"comment_status":"open","ping_status":"open","sticky":false,"template":"","format":"standard","meta":{"footnotes":""},"categories":[24,18],"tags":[398,397,159],"class_list":["post-7486","post","type-post","status-publish","format-standard","has-post-thumbnail","hentry","category-interjuk","category-lakberendezesi-stilusok","tag-eklektika","tag-eklektikus","tag-interju"],"yoast_head":"<!-- This site is optimized with the Yoast SEO plugin v27.5 - https:\/\/yoast.com\/product\/yoast-seo-wordpress\/ -->\n<title>Eklektikus st\u00edlus \u2013 interj\u00fa J\u00e1rai-Szeglet Orsival - My Little Corner by Butop\u00eaa<\/title>\n<meta name=\"description\" content=\"A soksz\u00edn\u0171 eklektikus st\u00edlus seg\u00edts\u00e9g\u00e9vel nem kell v\u00e1lasztanunk a st\u00edlusok k\u00f6z\u00f6tt, \u00e9s b\u00e1rmilyen lak\u00e1st teljesen szem\u00e9lyre szabhatunk.\" \/>\n<meta name=\"robots\" content=\"index, follow, max-snippet:-1, max-image-preview:large, max-video-preview:-1\" \/>\n<link rel=\"canonical\" href=\"https:\/\/butopea.com\/mlc\/eklektikus-stilus-interju-jarai-szeglet-orsival\/\" \/>\n<meta property=\"og:locale\" content=\"hu_HU\" \/>\n<meta property=\"og:type\" content=\"article\" \/>\n<meta property=\"og:title\" content=\"Eklektikus st\u00edlus \u2013 interj\u00fa J\u00e1rai-Szeglet Orsival - My Little Corner by Butop\u00eaa\" \/>\n<meta property=\"og:description\" content=\"A soksz\u00edn\u0171 eklektikus st\u00edlus seg\u00edts\u00e9g\u00e9vel nem kell v\u00e1lasztanunk a st\u00edlusok k\u00f6z\u00f6tt, \u00e9s b\u00e1rmilyen lak\u00e1st teljesen szem\u00e9lyre szabhatunk.\" \/>\n<meta property=\"og:url\" content=\"https:\/\/butopea.com\/mlc\/eklektikus-stilus-interju-jarai-szeglet-orsival\/\" \/>\n<meta property=\"og:site_name\" content=\"My Little Corner by Butop\u00eaa\" \/>\n<meta property=\"article:publisher\" content=\"https:\/\/www.facebook.com\/butopeacom\" \/>\n<meta property=\"article:published_time\" content=\"2021-09-10T14:00:00+00:00\" \/>\n<meta property=\"og:image\" content=\"https:\/\/butopea.com\/mlc\/wp-content\/uploads\/2021\/09\/orsi.jpg\" \/>\n\t<meta property=\"og:image:width\" content=\"617\" \/>\n\t<meta property=\"og:image:height\" content=\"615\" \/>\n\t<meta property=\"og:image:type\" content=\"image\/jpeg\" \/>\n<meta name=\"author\" content=\"Nagy Dorottya\" \/>\n<meta name=\"twitter:card\" content=\"summary_large_image\" \/>\n<meta name=\"twitter:creator\" content=\"@butopea\" \/>\n<meta name=\"twitter:site\" content=\"@butopea\" \/>\n<meta name=\"twitter:label1\" content=\"Szerz\u0151:\" \/>\n\t<meta name=\"twitter:data1\" content=\"Nagy Dorottya\" \/>\n\t<meta name=\"twitter:label2\" content=\"Becs\u00fclt olvas\u00e1si id\u0151\" \/>\n\t<meta name=\"twitter:data2\" content=\"6 perc\" \/>\n<!-- \/ Yoast SEO plugin. -->","yoast_head_json":{"title":"Eklektikus st\u00edlus \u2013 interj\u00fa J\u00e1rai-Szeglet Orsival - My Little Corner by Butop\u00eaa","description":"A soksz\u00edn\u0171 eklektikus st\u00edlus seg\u00edts\u00e9g\u00e9vel nem kell v\u00e1lasztanunk a st\u00edlusok k\u00f6z\u00f6tt, \u00e9s b\u00e1rmilyen lak\u00e1st teljesen szem\u00e9lyre szabhatunk.","robots":{"index":"index","follow":"follow","max-snippet":"max-snippet:-1","max-image-preview":"max-image-preview:large","max-video-preview":"max-video-preview:-1"},"canonical":"https:\/\/butopea.com\/mlc\/eklektikus-stilus-interju-jarai-szeglet-orsival\/","og_locale":"hu_HU","og_type":"article","og_title":"Eklektikus st\u00edlus \u2013 interj\u00fa J\u00e1rai-Szeglet Orsival - My Little Corner by Butop\u00eaa","og_description":"A soksz\u00edn\u0171 eklektikus st\u00edlus seg\u00edts\u00e9g\u00e9vel nem kell v\u00e1lasztanunk a st\u00edlusok k\u00f6z\u00f6tt, \u00e9s b\u00e1rmilyen lak\u00e1st teljesen szem\u00e9lyre szabhatunk.","og_url":"https:\/\/butopea.com\/mlc\/eklektikus-stilus-interju-jarai-szeglet-orsival\/","og_site_name":"My Little Corner by Butop\u00eaa","article_publisher":"https:\/\/www.facebook.com\/butopeacom","article_published_time":"2021-09-10T14:00:00+00:00","og_image":[{"width":617,"height":615,"url":"https:\/\/butopea.com\/mlc\/wp-content\/uploads\/2021\/09\/orsi.jpg","type":"image\/jpeg"}],"author":"Nagy Dorottya","twitter_card":"summary_large_image","twitter_creator":"@butopea","twitter_site":"@butopea","twitter_misc":{"Szerz\u0151:":"Nagy Dorottya","Becs\u00fclt olvas\u00e1si id\u0151":"6 perc"},"schema":{"@context":"https:\/\/schema.org","@graph":[{"@type":"Article","@id":"https:\/\/butopea.com\/mlc\/eklektikus-stilus-interju-jarai-szeglet-orsival\/#article","isPartOf":{"@id":"https:\/\/butopea.com\/mlc\/eklektikus-stilus-interju-jarai-szeglet-orsival\/"},"author":{"name":"Nagy Dorottya","@id":"https:\/\/butopea.com\/mlc\/#\/schema\/person\/be4a953b5496373486878fe155980705"},"headline":"Eklektikus st\u00edlus \u2013 interj\u00fa J\u00e1rai-Szeglet Orsival","datePublished":"2021-09-10T14:00:00+00:00","mainEntityOfPage":{"@id":"https:\/\/butopea.com\/mlc\/eklektikus-stilus-interju-jarai-szeglet-orsival\/"},"wordCount":1152,"commentCount":0,"publisher":{"@id":"https:\/\/butopea.com\/mlc\/#organization"},"image":{"@id":"https:\/\/butopea.com\/mlc\/eklektikus-stilus-interju-jarai-szeglet-orsival\/#primaryimage"},"thumbnailUrl":"https:\/\/butopea.com\/mlc\/wp-content\/uploads\/2021\/09\/orsi.jpg","keywords":["eklektika","eklektikus","interj\u00fa"],"articleSection":["Interj\u00fak","Lakberendez\u00e9si st\u00edlusok"],"inLanguage":"hu","potentialAction":[{"@type":"CommentAction","name":"Comment","target":["https:\/\/butopea.com\/mlc\/eklektikus-stilus-interju-jarai-szeglet-orsival\/#respond"]}]},{"@type":"WebPage","@id":"https:\/\/butopea.com\/mlc\/eklektikus-stilus-interju-jarai-szeglet-orsival\/","url":"https:\/\/butopea.com\/mlc\/eklektikus-stilus-interju-jarai-szeglet-orsival\/","name":"Eklektikus st\u00edlus \u2013 interj\u00fa J\u00e1rai-Szeglet Orsival - My Little Corner by Butop\u00eaa","isPartOf":{"@id":"https:\/\/butopea.com\/mlc\/#website"},"primaryImageOfPage":{"@id":"https:\/\/butopea.com\/mlc\/eklektikus-stilus-interju-jarai-szeglet-orsival\/#primaryimage"},"image":{"@id":"https:\/\/butopea.com\/mlc\/eklektikus-stilus-interju-jarai-szeglet-orsival\/#primaryimage"},"thumbnailUrl":"https:\/\/butopea.com\/mlc\/wp-content\/uploads\/2021\/09\/orsi.jpg","datePublished":"2021-09-10T14:00:00+00:00","description":"A soksz\u00edn\u0171 eklektikus st\u00edlus seg\u00edts\u00e9g\u00e9vel nem kell v\u00e1lasztanunk a st\u00edlusok k\u00f6z\u00f6tt, \u00e9s b\u00e1rmilyen lak\u00e1st teljesen szem\u00e9lyre szabhatunk.","breadcrumb":{"@id":"https:\/\/butopea.com\/mlc\/eklektikus-stilus-interju-jarai-szeglet-orsival\/#breadcrumb"},"inLanguage":"hu","potentialAction":[{"@type":"ReadAction","target":["https:\/\/butopea.com\/mlc\/eklektikus-stilus-interju-jarai-szeglet-orsival\/"]}]},{"@type":"ImageObject","inLanguage":"hu","@id":"https:\/\/butopea.com\/mlc\/eklektikus-stilus-interju-jarai-szeglet-orsival\/#primaryimage","url":"https:\/\/butopea.com\/mlc\/wp-content\/uploads\/2021\/09\/orsi.jpg","contentUrl":"https:\/\/butopea.com\/mlc\/wp-content\/uploads\/2021\/09\/orsi.jpg","width":617,"height":615,"caption":"eklektikus st\u00edlus"},{"@type":"BreadcrumbList","@id":"https:\/\/butopea.com\/mlc\/eklektikus-stilus-interju-jarai-szeglet-orsival\/#breadcrumb","itemListElement":[{"@type":"ListItem","position":1,"name":"Home","item":"https:\/\/butopea.com\/mlc\/"},{"@type":"ListItem","position":2,"name":"Eklektikus st\u00edlus \u2013 interj\u00fa J\u00e1rai-Szeglet Orsival"}]},{"@type":"WebSite","@id":"https:\/\/butopea.com\/mlc\/#website","url":"https:\/\/butopea.com\/mlc\/","name":"My Little Corner by Butop\u00eaa","description":"Awaken your creativity","publisher":{"@id":"https:\/\/butopea.com\/mlc\/#organization"},"potentialAction":[{"@type":"SearchAction","target":{"@type":"EntryPoint","urlTemplate":"https:\/\/butopea.com\/mlc\/?s={search_term_string}"},"query-input":{"@type":"PropertyValueSpecification","valueRequired":true,"valueName":"search_term_string"}}],"inLanguage":"hu"},{"@type":"Organization","@id":"https:\/\/butopea.com\/mlc\/#organization","name":"Butop\u00eaa.com","url":"https:\/\/butopea.com\/mlc\/","logo":{"@type":"ImageObject","inLanguage":"hu","@id":"https:\/\/butopea.com\/mlc\/#\/schema\/logo\/image\/","url":"https:\/\/butopea.com\/mlc\/wp-content\/uploads\/2018\/02\/my-little-corner-by-butopea-logo.png","contentUrl":"https:\/\/butopea.com\/mlc\/wp-content\/uploads\/2018\/02\/my-little-corner-by-butopea-logo.png","width":176,"height":35,"caption":"Butop\u00eaa.com"},"image":{"@id":"https:\/\/butopea.com\/mlc\/#\/schema\/logo\/image\/"},"sameAs":["https:\/\/www.facebook.com\/butopeacom","https:\/\/x.com\/butopea","https:\/\/www.instagram.com\/butopea","https:\/\/pinterest.com\/butopea\/"]},{"@type":"Person","@id":"https:\/\/butopea.com\/mlc\/#\/schema\/person\/be4a953b5496373486878fe155980705","name":"Nagy Dorottya","image":{"@type":"ImageObject","inLanguage":"hu","@id":"https:\/\/secure.gravatar.com\/avatar\/cdf7cd591f8b3c486198c56e4320a4810e8964d73668d7aa38a3eb85866a427f?s=96&d=monsterid&r=g","url":"https:\/\/secure.gravatar.com\/avatar\/cdf7cd591f8b3c486198c56e4320a4810e8964d73668d7aa38a3eb85866a427f?s=96&d=monsterid&r=g","contentUrl":"https:\/\/secure.gravatar.com\/avatar\/cdf7cd591f8b3c486198c56e4320a4810e8964d73668d7aa38a3eb85866a427f?s=96&d=monsterid&r=g","caption":"Nagy Dorottya"},"description":"Mindig is elb\u0171v\u00f6lt a kreativit\u00e1s, a semmib\u0151l valami \u00fajat alkotni, egy egyszer\u0171ben megl\u00e1tni az egyedit. A mai fut\u00f3szalagszer\u0171 vil\u00e1gunkban fontosnak tartom, hogy legyen egy hely, ahol kiszakadunk a rohan\u00e1sb\u00f3l, ami kifejez minket, \u00e9s ahol mi kifejezhetj\u00fck magunkat, ami az otthonunk, nem puszt\u00e1n a lak\u00e1sunk. Ami a mi kreativit\u00e1sunkkal egy \u00e9p\u00fcletb\u0151l az igaz\u00e1n fontos k\u00f6z\u00f6s pillanatok helysz\u00edn\u00e9v\u00e9 v\u00e1lik.","url":"https:\/\/butopea.com\/mlc\/author\/nagy-dorottya\/"}]}},"_links":{"self":[{"href":"https:\/\/butopea.com\/mlc\/wp-json\/wp\/v2\/posts\/7486","targetHints":{"allow":["GET"]}}],"collection":[{"href":"https:\/\/butopea.com\/mlc\/wp-json\/wp\/v2\/posts"}],"about":[{"href":"https:\/\/butopea.com\/mlc\/wp-json\/wp\/v2\/types\/post"}],"author":[{"embeddable":true,"href":"https:\/\/butopea.com\/mlc\/wp-json\/wp\/v2\/users\/10"}],"replies":[{"embeddable":true,"href":"https:\/\/butopea.com\/mlc\/wp-json\/wp\/v2\/comments?post=7486"}],"version-history":[{"count":4,"href":"https:\/\/butopea.com\/mlc\/wp-json\/wp\/v2\/posts\/7486\/revisions"}],"predecessor-version":[{"id":7507,"href":"https:\/\/butopea.com\/mlc\/wp-json\/wp\/v2\/posts\/7486\/revisions\/7507"}],"wp:featuredmedia":[{"embeddable":true,"href":"https:\/\/butopea.com\/mlc\/wp-json\/wp\/v2\/media\/7487"}],"wp:attachment":[{"href":"https:\/\/butopea.com\/mlc\/wp-json\/wp\/v2\/media?parent=7486"}],"wp:term":[{"taxonomy":"category","embeddable":true,"href":"https:\/\/butopea.com\/mlc\/wp-json\/wp\/v2\/categories?post=7486"},{"taxonomy":"post_tag","embeddable":true,"href":"https:\/\/butopea.com\/mlc\/wp-json\/wp\/v2\/tags?post=7486"}],"curies":[{"name":"wp","href":"https:\/\/api.w.org\/{rel}","templated":true}]}}