{"id":7231,"date":"2021-06-25T16:00:00","date_gmt":"2021-06-25T14:00:00","guid":{"rendered":"https:\/\/butopea.com\/mlc\/?p=7231"},"modified":"2021-06-23T09:02:04","modified_gmt":"2021-06-23T07:02:04","slug":"skandinav-stilus-interju","status":"publish","type":"post","link":"https:\/\/butopea.com\/mlc\/skandinav-stilus-interju\/","title":{"rendered":"Skandin\u00e1v st\u00edlus &#8211; Interj\u00fa Perjesi Patr\u00edci\u00e1val"},"content":{"rendered":"\n<p>Ha az otthonunkban harm\u00f3nia van, az kihat a h\u00e9tk\u00f6znapjainkra is. Pontosan ez a skandin\u00e1v st\u00edlus szellemis\u00e9ge is. Megteremteni az egyens\u00falyt az otthonunkban sz\u00ednekben, anyagokban, l\u00e1tv\u00e1nyban. A l\u00e1tv\u00e1ny mellett nagy hangs\u00falyt fektetni a min\u0151s\u00e9gre, funkcionalit\u00e1sra, id\u0151t\u00e1ll\u00f3s\u00e1gra \u2013 ezek mind a skandin\u00e1v lakberendez\u00e9s alapk\u00f6vei. Ez\u00fattal Perjesi Patr\u00edcia lakberendez\u0151vel (<a href=\"https:\/\/www.instagram.com\/sophisticated_livings\/\" target=\"_blank\" rel=\"noreferrer noopener\">@sophisticated_livings<\/a>) besz\u00e9lgett\u00fcnk a st\u00edlus m\u00faltj\u00e1r\u00f3l \u00e9s jelen\u00e9r\u0151l, \u00e9s arr\u00f3l, hogy hogyan hozhatjuk el a skandin\u00e1v \u00e9letszeml\u00e9letet, \u00e9letst\u00edlust a saj\u00e1t otthonunkba.<\/p>\n\n\n\n<h2 class=\"wp-block-heading\">A skandin\u00e1v st\u00edlus kialakul\u00e1sa<\/h2>\n\n\n\n<p>A skandin\u00e1v st\u00edlus a 20. sz\u00e1zadban kezdett vir\u00e1gozni, amikor a k\u00fcls\u0151s\u00e9gek mellett a funkcionalit\u00e1s is nagy hangs\u00falyt kapott. Tal\u00e1n ez is az egyik oka mai napig tart\u00f3 t\u00f6retlen siker\u00e9nek, hogy praktikus, k\u00f6nnyen a magunk\u00e9v\u00e1 tehet\u0151, nem feszeng\u00fcnk benne, hiszen annyira otthonos \u00e9s term\u00e9szetes.<\/p>\n\n\n\n<blockquote class=\"wp-block-quote is-layout-flow wp-block-quote-is-layout-flow\"><p>A funkcion\u00e1lis b\u00fatorok elterjed\u00e9s\u00e9t a t\u00f6meggy\u00e1rt\u00e1s fejl\u0151d\u00e9se tette lehet\u0151v\u00e9. A funkcionalit\u00e1s a skandin\u00e1v st\u00edlus egyik v\u00e9djegye, az egyszer\u0171s\u00e9g, min\u0151s\u00e9g \u00e9s harm\u00f3nia mellett.<\/p><\/blockquote>\n\n\n\n<p>Patr\u00edcia arra is felh\u00edvta a figyelm\u00fcnket, hogy a skandin\u00e1v ter\u00fcleteken az \u00e9v nagy r\u00e9sz\u00e9ben nagyon kor\u00e1n bes\u00f6t\u00e9tedik. Ezt a s\u00f6t\u00e9ts\u00e9get pedig a skandin\u00e1vok a gondolkod\u00e1sm\u00f3djukkal \u00e9s persze a skandin\u00e1v lakberendez\u00e9ssel ellens\u00falyozz\u00e1k. Mivel a szabadban n\u00e1luk \u00e1ltal\u00e1ban hideg van \u00e9s s\u00f6t\u00e9t, fontos sz\u00e1mukra az otthonukban t\u00f6lt\u00f6tt id\u0151. Ez\u00e9rt is ennyire jellegzetes lakberendez\u00e9si ir\u00e1nyzatuk, \u00e9s ez\u00e9rt t\u00f6rekszenek ennyire az otthonoss\u00e1gra, praktikuss\u00e1gra.<\/p>\n\n\n\n<p>Emellett minden eszk\u00f6zzel igyekszenek f\u00e9nyt vinni a h\u00e9tk\u00f6znapokba, sz\u00f3 szerint is. Sok \u00fcvegfel\u00fcletet haszn\u00e1lnak \u00e9s vil\u00e1gos sz\u00edneket. \u00cdgy a bels\u0151 t\u00e9r sokkal vil\u00e1gosabb, kellemesebb lesz.<\/p>\n\n\n\n<figure class=\"wp-block-gallery columns-2 is-cropped wp-block-gallery-1 is-layout-flex wp-block-gallery-is-layout-flex\"><ul class=\"blocks-gallery-grid\"><li class=\"blocks-gallery-item\"><figure><img loading=\"lazy\" decoding=\"async\" width=\"1080\" height=\"1080\" src=\"https:\/\/butopea.com\/mlc\/wp-content\/uploads\/2021\/06\/DSC0268-1080x1080.jpg\" alt=\"\" data-id=\"7235\" data-full-url=\"https:\/\/butopea.com\/mlc\/wp-content\/uploads\/2021\/06\/DSC0268.jpg\" data-link=\"https:\/\/butopea.com\/mlc\/?attachment_id=7235\" class=\"wp-image-7235\" srcset=\"https:\/\/butopea.com\/mlc\/wp-content\/uploads\/2021\/06\/DSC0268-1080x1080.jpg 1080w, https:\/\/butopea.com\/mlc\/wp-content\/uploads\/2021\/06\/DSC0268-768x768.jpg 768w, https:\/\/butopea.com\/mlc\/wp-content\/uploads\/2021\/06\/DSC0268-150x150.jpg 150w, https:\/\/butopea.com\/mlc\/wp-content\/uploads\/2021\/06\/DSC0268-1536x1536.jpg 1536w, https:\/\/butopea.com\/mlc\/wp-content\/uploads\/2021\/06\/DSC0268.jpg 1824w\" sizes=\"auto, (max-width: 1080px) 100vw, 1080px\" \/><figcaption class=\"blocks-gallery-item__caption\"><a href=\"https:\/\/www.instagram.com\/sophisticated_livings\/\" target=\"_blank\" rel=\"noreferrer noopener\"><span class=\"has-inline-color has-white-color\">@sophisticated_livings<\/span><\/a><\/figcaption><\/figure><\/li><li class=\"blocks-gallery-item\"><figure><img loading=\"lazy\" decoding=\"async\" width=\"1081\" height=\"1080\" src=\"https:\/\/butopea.com\/mlc\/wp-content\/uploads\/2021\/06\/DSC2926-1081x1080.jpg\" alt=\"skandin\u00e1v st\u00edlus\" data-id=\"7236\" data-full-url=\"https:\/\/butopea.com\/mlc\/wp-content\/uploads\/2021\/06\/DSC2926.jpg\" data-link=\"https:\/\/butopea.com\/mlc\/?attachment_id=7236\" class=\"wp-image-7236\" srcset=\"https:\/\/butopea.com\/mlc\/wp-content\/uploads\/2021\/06\/DSC2926-1081x1080.jpg 1081w, https:\/\/butopea.com\/mlc\/wp-content\/uploads\/2021\/06\/DSC2926-768x768.jpg 768w, https:\/\/butopea.com\/mlc\/wp-content\/uploads\/2021\/06\/DSC2926-150x150.jpg 150w, https:\/\/butopea.com\/mlc\/wp-content\/uploads\/2021\/06\/DSC2926-1536x1536.jpg 1536w, https:\/\/butopea.com\/mlc\/wp-content\/uploads\/2021\/06\/DSC2926.jpg 1825w\" sizes=\"auto, (max-width: 1081px) 100vw, 1081px\" \/><figcaption class=\"blocks-gallery-item__caption\"><a href=\"https:\/\/www.instagram.com\/sophisticated_livings\/\" target=\"_blank\" rel=\"noreferrer noopener\"><span class=\"has-inline-color has-white-color\">@sophisticated_livings<\/span><\/a><\/figcaption><\/figure><\/li><\/ul><\/figure>\n\n\n\n<h2 class=\"wp-block-heading\">A skandin\u00e1v gondolkod\u00e1sm\u00f3d<\/h2>\n\n\n\n<p>M\u00e1r eddig is l\u00e1thattuk, hogy a skandin\u00e1v st\u00edlus eset\u00e9ben mennyire \u00f6sszekapcsol\u00f3dnak a k\u00f6r\u00fclm\u00e9nyek, az \u00e9letfelfog\u00e1s \u00e9s a lakberendez\u00e9s, de m\u00e9g sz\u00e1mos p\u00e9lda van erre. P\u00e9ld\u00e1ul a skandin\u00e1v n\u00e9peknek kifejezetten fontos a csal\u00e1ddal t\u00f6lt\u00f6tt id\u0151, figyelnek r\u00e1, hogy a munka ne menjen a csal\u00e1di \u00e9let rov\u00e1s\u00e1ra. \u00cdgy az otthon egy nagyon fontos k\u00f6z\u00f6ss\u00e9gi t\u00e9r lesz. Azonban ennek olyannak kell lennie, ahol mindenki felold\u00f3dik, nem kell feszengeni, vigy\u00e1zni a k\u00fcl\u00f6nb\u00f6z\u0151 dekor\u00e1ci\u00f3s t\u00e1rgyakra, m\u0171alkot\u00e1sokra. A skandin\u00e1v st\u00edlust\u00f3l ez alapvet\u0151en idegen, sokkal ink\u00e1bb gyerekbar\u00e1t.<\/p>\n\n\n\n<p>Mindig a m\u00e9rt\u00e9kletess\u00e9gre t\u00f6rekszenek arra, hogy egyens\u00falyt tal\u00e1ljanak a k\u00f6telezetts\u00e9gek \u00e9s a mag\u00e1n\u00e9let k\u00f6z\u00f6tt, ezt t\u00f6k\u00e9letesen t\u00fckr\u00f6z\u0151dik a lakberendez\u00e9s\u00fckben is. Minden enteri\u0151r harm\u00f3ni\u00e1t sug\u00e1roz, otthonos \u00e9s nyugtat\u00f3, de m\u00e9gsem szeretn\u00e9nek hivalkodni, ink\u00e1bb a t\u00f6k\u00e9letesen \u00f6sszeill\u0151 r\u00e9szletek miatt lesz egyedi \u00e9s id\u0151t\u00e1ll\u00f3 az \u00f6sszk\u00e9p.<\/p>\n\n\n\n<figure class=\"wp-block-gallery columns-2 is-cropped wp-block-gallery-2 is-layout-flex wp-block-gallery-is-layout-flex\"><ul class=\"blocks-gallery-grid\"><li class=\"blocks-gallery-item\"><figure><img loading=\"lazy\" decoding=\"async\" width=\"1079\" height=\"1080\" src=\"https:\/\/butopea.com\/mlc\/wp-content\/uploads\/2021\/06\/Set-of-2-Prints-Scandinavian-Wall-Art-Abstract-Print-Line-_-Etsy-1079x1080.jpg\" alt=\"skandin\u00e1v st\u00edlus\" data-id=\"7243\" data-full-url=\"https:\/\/butopea.com\/mlc\/wp-content\/uploads\/2021\/06\/Set-of-2-Prints-Scandinavian-Wall-Art-Abstract-Print-Line-_-Etsy.jpg\" data-link=\"https:\/\/butopea.com\/mlc\/?attachment_id=7243\" class=\"wp-image-7243\" srcset=\"https:\/\/butopea.com\/mlc\/wp-content\/uploads\/2021\/06\/Set-of-2-Prints-Scandinavian-Wall-Art-Abstract-Print-Line-_-Etsy-1079x1080.jpg 1079w, https:\/\/butopea.com\/mlc\/wp-content\/uploads\/2021\/06\/Set-of-2-Prints-Scandinavian-Wall-Art-Abstract-Print-Line-_-Etsy-768x768.jpg 768w, https:\/\/butopea.com\/mlc\/wp-content\/uploads\/2021\/06\/Set-of-2-Prints-Scandinavian-Wall-Art-Abstract-Print-Line-_-Etsy-150x150.jpg 150w, https:\/\/butopea.com\/mlc\/wp-content\/uploads\/2021\/06\/Set-of-2-Prints-Scandinavian-Wall-Art-Abstract-Print-Line-_-Etsy-1536x1536.jpg 1536w, https:\/\/butopea.com\/mlc\/wp-content\/uploads\/2021\/06\/Set-of-2-Prints-Scandinavian-Wall-Art-Abstract-Print-Line-_-Etsy.jpg 1999w\" sizes=\"auto, (max-width: 1079px) 100vw, 1079px\" \/><figcaption class=\"blocks-gallery-item__caption\"><a href=\"https:\/\/hu.pinterest.com\/\" target=\"_blank\" rel=\"noreferrer noopener\"><span class=\"has-inline-color has-white-color\">pinterest.com<\/span><\/a><\/figcaption><\/figure><\/li><li class=\"blocks-gallery-item\"><figure><img loading=\"lazy\" decoding=\"async\" width=\"1080\" height=\"1080\" src=\"https:\/\/butopea.com\/mlc\/wp-content\/uploads\/2021\/06\/93B3086-1-1080x1080.jpg\" alt=\"\" data-id=\"7244\" data-full-url=\"https:\/\/butopea.com\/mlc\/wp-content\/uploads\/2021\/06\/93B3086-1.jpg\" data-link=\"https:\/\/butopea.com\/mlc\/?attachment_id=7244\" class=\"wp-image-7244\" srcset=\"https:\/\/butopea.com\/mlc\/wp-content\/uploads\/2021\/06\/93B3086-1-1080x1080.jpg 1080w, https:\/\/butopea.com\/mlc\/wp-content\/uploads\/2021\/06\/93B3086-1-768x768.jpg 768w, https:\/\/butopea.com\/mlc\/wp-content\/uploads\/2021\/06\/93B3086-1-150x150.jpg 150w, https:\/\/butopea.com\/mlc\/wp-content\/uploads\/2021\/06\/93B3086-1.jpg 1200w\" sizes=\"auto, (max-width: 1080px) 100vw, 1080px\" \/><figcaption class=\"blocks-gallery-item__caption\"><a href=\"https:\/\/butopea.com\/szovott-viszkoz-szonyeg-fekete-mintaval-68x110-cm-tortfeher-sioux\" target=\"_blank\" rel=\"noreferrer noopener\"><span class=\"has-inline-color has-white-color\">butopea.com<\/span><\/a><\/figcaption><\/figure><\/li><\/ul><\/figure>\n\n\n\n<h2 class=\"wp-block-heading\">A skandin\u00e1v lakberendez\u00e9s \u00e9s m\u00e1s st\u00edlusok<\/h2>\n\n\n\n<p>Patr\u00edci\u00e1t arr\u00f3l is k\u00e9rdezt\u00fck, hogy mennyire n\u00e9pszer\u0171 a skandin\u00e1v st\u00edlus az \u00fcgyfelei k\u00f6r\u00e9ben:<\/p>\n\n\n\n<blockquote class=\"wp-block-quote is-layout-flow wp-block-quote-is-layout-flow\"><p>Szerintem a legnagyobb ig\u00e9ny a st\u00edlusok kever\u00e9s\u00e9re van, hiszen ezzel tudunk egy egyedi, id\u0151t\u00e1ll\u00f3 \u00e9s otthonos v\u00e9geredm\u00e9nyt el\u00e9rni. A skandin\u00e1v st\u00edlus nagyon k\u00f6nnyen kombin\u00e1lhat\u00f3 b\u00e1rmelyik m\u00e1sikkal, ez\u00e9rt sokszor szoktam javasolni egy kiindul\u00e1si alapnak, amit k\u00f6nnyen keverhet\u00fcnk m\u00e1ssal az \u00fcgyf\u00e9l szem\u00e9lyes ig\u00e9nyei alapj\u00e1n \u00e9s tehet\u00fcnk igaz\u00e1n egyediv\u00e9.<\/p><\/blockquote>\n\n\n\n<p>P\u00e9ld\u00e1ul a skandin\u00e1v st\u00edlus neutr\u00e1lis sz\u00ednei \u00e9s anyagai feldobhat\u00f3k az etno st\u00edlus mint\u00e1ival. Vagy egy-egy visszafogottabb art d\u00e9co asztal vagy dekor\u00e1ci\u00f3 t\u00f6k\u00e9letes lehet a skandi st\u00edlussal, ha hi\u00e1nyolunk egy kis \u00fcnnep\u00e9lyess\u00e9get. Nem kell teh\u00e1t a szigor\u00faan ragaszkodni egy-egy st\u00edlushoz, hanem minden st\u00edlusnak kihaszn\u00e1lhatjuk az el\u0151nyeit, \u00e9s \u00edzl\u00e9sesen kombin\u00e1lhatjuk \u0151ket.<\/p>\n\n\n\n<p>Egy ilyen j\u00f3l siker\u00fclt kombin\u00e1ci\u00f3 p\u00e9ld\u00e1ul a JAPANDI, a jap\u00e1n \u00e9s a skandin\u00e1v st\u00edlus f\u00fazi\u00f3ja, amir\u0151l m\u00e1r \u00edrtunk is kor\u00e1bban. A JAPANDI-r\u00f3l sz\u00f3l\u00f3 cikket itt olvashatj\u00e1tok. Meglep\u0151 mennyi k\u00f6z\u00f6s van k\u00e9t egym\u00e1st\u00f3l f\u00f6ldrajzilag ennyire t\u00e1vol l\u00e9v\u0151 lakberendez\u00e9si ir\u00e1nyzat k\u00f6z\u00f6tt. A k\u00e9t st\u00edlus egy\u00fctt a t\u00f6k\u00e9letes harm\u00f3ni\u00e1t \u00e9s nyugalmat teremti meg.<\/p>\n\n\n\n<figure class=\"wp-block-gallery columns-2 is-cropped wp-block-gallery-3 is-layout-flex wp-block-gallery-is-layout-flex\"><ul class=\"blocks-gallery-grid\"><li class=\"blocks-gallery-item\"><figure><img loading=\"lazy\" decoding=\"async\" width=\"679\" height=\"680\" src=\"https:\/\/butopea.com\/mlc\/wp-content\/uploads\/2021\/06\/14-Ways-To-Infuse-Your-Space-With-Japandi-Vibes-_-Posh-Pennies.jpg\" alt=\"skandin\u00e1v st\u00edlus\" data-id=\"7237\" data-full-url=\"https:\/\/butopea.com\/mlc\/wp-content\/uploads\/2021\/06\/14-Ways-To-Infuse-Your-Space-With-Japandi-Vibes-_-Posh-Pennies.jpg\" data-link=\"https:\/\/butopea.com\/mlc\/?attachment_id=7237\" class=\"wp-image-7237\" srcset=\"https:\/\/butopea.com\/mlc\/wp-content\/uploads\/2021\/06\/14-Ways-To-Infuse-Your-Space-With-Japandi-Vibes-_-Posh-Pennies.jpg 679w, https:\/\/butopea.com\/mlc\/wp-content\/uploads\/2021\/06\/14-Ways-To-Infuse-Your-Space-With-Japandi-Vibes-_-Posh-Pennies-150x150.jpg 150w\" sizes=\"auto, (max-width: 679px) 100vw, 679px\" \/><figcaption class=\"blocks-gallery-item__caption\"><a href=\"https:\/\/hu.pinterest.com\/\" target=\"_blank\" rel=\"noreferrer noopener\"><span class=\"has-inline-color has-white-color\">pinterest.com<\/span><\/a><\/figcaption><\/figure><\/li><li class=\"blocks-gallery-item\"><figure><img loading=\"lazy\" decoding=\"async\" width=\"1080\" height=\"1080\" src=\"https:\/\/butopea.com\/mlc\/wp-content\/uploads\/2021\/06\/12_22_rdy-17-of-28-1080x1080.jpg\" alt=\"\" data-id=\"7238\" data-full-url=\"https:\/\/butopea.com\/mlc\/wp-content\/uploads\/2021\/06\/12_22_rdy-17-of-28.jpg\" data-link=\"https:\/\/butopea.com\/mlc\/?attachment_id=7238\" class=\"wp-image-7238\" srcset=\"https:\/\/butopea.com\/mlc\/wp-content\/uploads\/2021\/06\/12_22_rdy-17-of-28-1080x1080.jpg 1080w, https:\/\/butopea.com\/mlc\/wp-content\/uploads\/2021\/06\/12_22_rdy-17-of-28-768x768.jpg 768w, https:\/\/butopea.com\/mlc\/wp-content\/uploads\/2021\/06\/12_22_rdy-17-of-28-150x150.jpg 150w, https:\/\/butopea.com\/mlc\/wp-content\/uploads\/2021\/06\/12_22_rdy-17-of-28.jpg 1200w\" sizes=\"auto, (max-width: 1080px) 100vw, 1080px\" \/><figcaption class=\"blocks-gallery-item__caption\"><a href=\"https:\/\/butopea.com\/rombusz-mintas-szonyeg-120x170-cm-tortfeher-triangulare\" target=\"_blank\" rel=\"noreferrer noopener\"><span class=\"has-inline-color has-white-color\">butopea.com<\/span><\/a><\/figcaption><\/figure><\/li><\/ul><\/figure>\n\n\n\n<h2 class=\"wp-block-heading\">A skandin\u00e1v st\u00edlus anyagai \u00e9s sz\u00ednei<\/h2>\n\n\n\n<blockquote class=\"wp-block-quote is-layout-flow wp-block-quote-is-layout-flow\"><p>Ami a skandin\u00e1v st\u00edlusra a legjellemz\u0151bb az a neutr\u00e1lis sz\u00ednek alkalmaz\u00e1sa, igazi fa anyagok \u00e9s nat\u00far text\u00edli\u00e1k haszn\u00e1lata, mint p\u00e9ld\u00e1ul a rattan vagy len.<\/p><\/blockquote>\n\n\n\n<p>Ez az egyszer\u0171s\u00e9g az\u00e9rt nagyon el\u0151ny\u00f6s, mert k\u00f6nnyen eg\u00e9sz\u00edthetj\u00fck ki ut\u00f3lag is a berendez\u00e9st, an\u00e9lk\u00fcl hogy v\u00e9g\u00fcl ne illjen bele az \u00f6sszk\u00e9pbe az adott textil vagy b\u00fator. \u00c9s persze m\u00e1s st\u00edlusnak is j\u00f3 alapja lehet.<\/p>\n\n\n\n<p>Patr\u00edcia azt is kiemelte, hogy a skandin\u00e1v st\u00edlus kimagasl\u00f3 figyelmet ford\u00edt az anyagok, b\u00fatorok min\u0151s\u00e9g\u00e9re, ett\u0151l a enteri\u0151r szofisztik\u00e1lt \u00e9s letisztult lesz, de m\u00e9gsem unalmas.<\/p>\n\n\n\n<figure class=\"wp-block-gallery columns-2 is-cropped wp-block-gallery-4 is-layout-flex wp-block-gallery-is-layout-flex\"><ul class=\"blocks-gallery-grid\"><li class=\"blocks-gallery-item\"><figure><img loading=\"lazy\" decoding=\"async\" width=\"1080\" height=\"1080\" src=\"https:\/\/butopea.com\/mlc\/wp-content\/uploads\/2021\/06\/03_18_selected-37-of-42-1080x1080.jpg\" alt=\"\" data-id=\"7241\" data-full-url=\"https:\/\/butopea.com\/mlc\/wp-content\/uploads\/2021\/06\/03_18_selected-37-of-42.jpg\" data-link=\"https:\/\/butopea.com\/mlc\/?attachment_id=7241\" class=\"wp-image-7241\" srcset=\"https:\/\/butopea.com\/mlc\/wp-content\/uploads\/2021\/06\/03_18_selected-37-of-42-1080x1080.jpg 1080w, https:\/\/butopea.com\/mlc\/wp-content\/uploads\/2021\/06\/03_18_selected-37-of-42-768x768.jpg 768w, https:\/\/butopea.com\/mlc\/wp-content\/uploads\/2021\/06\/03_18_selected-37-of-42-150x150.jpg 150w, https:\/\/butopea.com\/mlc\/wp-content\/uploads\/2021\/06\/03_18_selected-37-of-42.jpg 1200w\" sizes=\"auto, (max-width: 1080px) 100vw, 1080px\" \/><figcaption class=\"blocks-gallery-item__caption\"><a href=\"https:\/\/butopea.com\/allolampa-bambusz-cage\" target=\"_blank\" rel=\"noreferrer noopener\"><span class=\"has-inline-color has-white-color\">butopea.com<\/span><\/a><\/figcaption><\/figure><\/li><li class=\"blocks-gallery-item\"><figure><img loading=\"lazy\" decoding=\"async\" width=\"1079\" height=\"1080\" src=\"https:\/\/butopea.com\/mlc\/wp-content\/uploads\/2021\/06\/DSC2932-1-1079x1080.jpg\" alt=\"skandin\u00e1v st\u00edlus\" data-id=\"7242\" data-full-url=\"https:\/\/butopea.com\/mlc\/wp-content\/uploads\/2021\/06\/DSC2932-1.jpg\" data-link=\"https:\/\/butopea.com\/mlc\/?attachment_id=7242\" class=\"wp-image-7242\" srcset=\"https:\/\/butopea.com\/mlc\/wp-content\/uploads\/2021\/06\/DSC2932-1-1079x1080.jpg 1079w, https:\/\/butopea.com\/mlc\/wp-content\/uploads\/2021\/06\/DSC2932-1-768x768.jpg 768w, https:\/\/butopea.com\/mlc\/wp-content\/uploads\/2021\/06\/DSC2932-1-150x150.jpg 150w, https:\/\/butopea.com\/mlc\/wp-content\/uploads\/2021\/06\/DSC2932-1-1536x1536.jpg 1536w, https:\/\/butopea.com\/mlc\/wp-content\/uploads\/2021\/06\/DSC2932-1.jpg 1824w\" sizes=\"auto, (max-width: 1079px) 100vw, 1079px\" \/><figcaption class=\"blocks-gallery-item__caption\"><a href=\"https:\/\/www.instagram.com\/sophisticated_livings\/\" target=\"_blank\" rel=\"noreferrer noopener\"><span class=\"has-inline-color has-white-color\">@sophisticated_livings<\/span><\/a><\/figcaption><\/figure><\/li><\/ul><\/figure>\n\n\n\n<h2 class=\"wp-block-heading\">Kihagyhatatlan elemek<\/h2>\n\n\n\n<p>Vannak olyan elemei a skandin\u00e1v lakberendez\u00e9snek, amiket nem hagyhatunk ki. Ilyen p\u00e9ld\u00e1ul a term\u00e9szetes fapadl\u00f3, haj\u00f3padl\u00f3. Az eg\u00e9sz h\u00e1zban haszn\u00e1lhatjuk, ak\u00e1r a konyh\u00e1ban is, \u00e9s \u00edgy az eg\u00e9sz h\u00e1z egys\u00e9gesebb lesz, \u00e9s a term\u00e9szetes faanyag megnyugtat\u00f3 l\u00e9gk\u00f6rt teremt. Jellemz\u0151ek m\u00e9g a st\u00edlusra a k\u00fcl\u00f6nleges szaniter megol\u00e1dsok, k\u00fcl\u00f6nleges sz\u00edn\u0171 csapok \u00e9s nat\u00far k\u00f6vek alkalmaz\u00e1sa a f\u00fcrd\u0151szob\u00e1ban \u00e9s a konyh\u00e1ba.<\/p>\n\n\n\n<p>Rengeteg kreat\u00edv skandi designer \u00e9s k\u00fcl\u00f6nleges b\u00fator is van a st\u00edlusban. Patr\u00edcia egyik kedvence p\u00e9ld\u00e1ul a Wishbone sz\u00e9k.<\/p>\n\n\n\n<blockquote class=\"wp-block-quote is-layout-flow wp-block-quote-is-layout-flow\"><p>Szinte az \u00f6sszes skandin\u00e1v b\u00fatortervez\u0151\u00e9rt odavagyok, ha p\u00e1rat kellene kiemeljek akkor azok a Gubi sz\u00e9k\u00e9k \u00e9s vil\u00e1g\u00edt\u00f3testek, Muuto b\u00fatorok vagy Ferm Living kieg\u00e9sz\u00edt\u0151k.<\/p><cite>&#8211; v\u00e1laszolta Patr\u00edcia, mikor skandin\u00e1v tervez\u0151kr\u0151l k\u00e9rdezt\u00fck.<\/cite><\/blockquote>\n\n\n\n<figure class=\"wp-block-gallery columns-2 is-cropped wp-block-gallery-5 is-layout-flex wp-block-gallery-is-layout-flex\"><ul class=\"blocks-gallery-grid\"><li class=\"blocks-gallery-item\"><figure><img loading=\"lazy\" decoding=\"async\" width=\"639\" height=\"639\" src=\"https:\/\/butopea.com\/mlc\/wp-content\/uploads\/2021\/06\/I-Gigi-in-Hove-England-Remodelista.jpg\" alt=\"skandin\u00e1v st\u00edlus\" data-id=\"7233\" data-full-url=\"https:\/\/butopea.com\/mlc\/wp-content\/uploads\/2021\/06\/I-Gigi-in-Hove-England-Remodelista.jpg\" data-link=\"https:\/\/butopea.com\/mlc\/?attachment_id=7233\" class=\"wp-image-7233\" srcset=\"https:\/\/butopea.com\/mlc\/wp-content\/uploads\/2021\/06\/I-Gigi-in-Hove-England-Remodelista.jpg 639w, https:\/\/butopea.com\/mlc\/wp-content\/uploads\/2021\/06\/I-Gigi-in-Hove-England-Remodelista-150x150.jpg 150w\" sizes=\"auto, (max-width: 639px) 100vw, 639px\" \/><figcaption class=\"blocks-gallery-item__caption\"><a href=\"https:\/\/hu.pinterest.com\/\" target=\"_blank\" rel=\"noreferrer noopener\"><span class=\"has-inline-color has-white-color\">pinterest.com<\/span><\/a><\/figcaption><\/figure><\/li><li class=\"blocks-gallery-item\"><figure><img loading=\"lazy\" decoding=\"async\" width=\"754\" height=\"754\" src=\"https:\/\/butopea.com\/mlc\/wp-content\/uploads\/2021\/06\/Danish-Modern-1-Light-Multi-Lite-Pendant-Light-Shape-Changing-Pendant-Lamp.jpg\" alt=\"\" data-id=\"7234\" data-full-url=\"https:\/\/butopea.com\/mlc\/wp-content\/uploads\/2021\/06\/Danish-Modern-1-Light-Multi-Lite-Pendant-Light-Shape-Changing-Pendant-Lamp.jpg\" data-link=\"https:\/\/butopea.com\/mlc\/?attachment_id=7234\" class=\"wp-image-7234\" srcset=\"https:\/\/butopea.com\/mlc\/wp-content\/uploads\/2021\/06\/Danish-Modern-1-Light-Multi-Lite-Pendant-Light-Shape-Changing-Pendant-Lamp.jpg 754w, https:\/\/butopea.com\/mlc\/wp-content\/uploads\/2021\/06\/Danish-Modern-1-Light-Multi-Lite-Pendant-Light-Shape-Changing-Pendant-Lamp-150x150.jpg 150w\" sizes=\"auto, (max-width: 754px) 100vw, 754px\" \/><figcaption class=\"blocks-gallery-item__caption\"><a href=\"https:\/\/hu.pinterest.com\/\" target=\"_blank\" rel=\"noreferrer noopener\"><span class=\"has-inline-color has-white-color\">pinterest.com<\/span><\/a><\/figcaption><\/figure><\/li><\/ul><\/figure>\n\n\n\n<h2 class=\"wp-block-heading\">Rendszerez\u00e9s mesterfokon<\/h2>\n\n\n\n<p>Mivel a skandin\u00e1v st\u00edlusban fontos a harm\u00f3nia, elengedhetetlen a rendszerezetts\u00e9g. Nem nagyon haszn\u00e1lnak dekor\u00e1ci\u00f3t, ez\u00e9rt el\u0151t\u00e9rbe ker\u00fclnek a nyitott polcok, amiket gondosan rendeznek be, p\u00e9ld\u00e1ul sz\u00ednben harmoniz\u00e1l\u00f3 k\u00f6nyvekkel \u201edekor\u00e1lnak\u201d egy polcot.<\/p>\n\n\n\n<blockquote class=\"wp-block-quote is-layout-flow wp-block-quote-is-layout-flow\"><p>A rendszerez\u00e9sben a kisebb lak\u00e1sokban minden fel\u00fcletet kihaszn\u00e1lva t\u00e1rol\u00f3 rendszereket alak\u00edtanak ki p\u00e9ld\u00e1ul az \u00e1gy vagy kanap\u00e9 alatt, a l\u00e9pcs\u0151 oldal\u00e1ban, emelett ahol egyedi a lak\u00e1s alapter\u00fclete c\u00e9lszer\u0171bb egyedi, be\u00e9p\u00edtett b\u00fatorokat alkalmazni, hiszen \u00edgy maxim\u00e1lis lesz a t\u00e9r kihaszn\u00e1l\u00e1s.<\/p><\/blockquote>\n\n\n\n<figure class=\"wp-block-gallery columns-2 is-cropped wp-block-gallery-6 is-layout-flex wp-block-gallery-is-layout-flex\"><ul class=\"blocks-gallery-grid\"><li class=\"blocks-gallery-item\"><figure><img loading=\"lazy\" decoding=\"async\" width=\"711\" height=\"710\" src=\"https:\/\/butopea.com\/mlc\/wp-content\/uploads\/2021\/06\/Home-Decor-Items-under-20-on-Amazon.jpg\" alt=\"skandin\u00e1v st\u00edlus\" data-id=\"7245\" data-full-url=\"https:\/\/butopea.com\/mlc\/wp-content\/uploads\/2021\/06\/Home-Decor-Items-under-20-on-Amazon.jpg\" data-link=\"https:\/\/butopea.com\/mlc\/?attachment_id=7245\" class=\"wp-image-7245\" srcset=\"https:\/\/butopea.com\/mlc\/wp-content\/uploads\/2021\/06\/Home-Decor-Items-under-20-on-Amazon.jpg 711w, https:\/\/butopea.com\/mlc\/wp-content\/uploads\/2021\/06\/Home-Decor-Items-under-20-on-Amazon-150x150.jpg 150w\" sizes=\"auto, (max-width: 711px) 100vw, 711px\" \/><figcaption class=\"blocks-gallery-item__caption\"><a href=\"https:\/\/hu.pinterest.com\/\" target=\"_blank\" rel=\"noreferrer noopener\"><span class=\"has-inline-color has-white-color\">pinterest.com<\/span><\/a><\/figcaption><\/figure><\/li><li class=\"blocks-gallery-item\"><figure><img loading=\"lazy\" decoding=\"async\" width=\"1080\" height=\"1080\" src=\"https:\/\/butopea.com\/mlc\/wp-content\/uploads\/2021\/06\/01_28_b-3-of-21-1080x1080.jpg\" alt=\"\" data-id=\"7246\" data-full-url=\"https:\/\/butopea.com\/mlc\/wp-content\/uploads\/2021\/06\/01_28_b-3-of-21.jpg\" data-link=\"https:\/\/butopea.com\/mlc\/?attachment_id=7246\" class=\"wp-image-7246\" srcset=\"https:\/\/butopea.com\/mlc\/wp-content\/uploads\/2021\/06\/01_28_b-3-of-21-1080x1080.jpg 1080w, https:\/\/butopea.com\/mlc\/wp-content\/uploads\/2021\/06\/01_28_b-3-of-21-768x768.jpg 768w, https:\/\/butopea.com\/mlc\/wp-content\/uploads\/2021\/06\/01_28_b-3-of-21-150x150.jpg 150w, https:\/\/butopea.com\/mlc\/wp-content\/uploads\/2021\/06\/01_28_b-3-of-21.jpg 1200w\" sizes=\"auto, (max-width: 1080px) 100vw, 1080px\" \/><figcaption class=\"blocks-gallery-item__caption\"><a href=\"https:\/\/butopea.com\/talalo-komod-3-ajtoval-szurke-sonoma-tolgy-long-island\" target=\"_blank\" rel=\"noreferrer noopener\"><span class=\"has-inline-color has-white-color\">butopea.com<\/span><\/a><\/figcaption><\/figure><\/li><\/ul><\/figure>\n\n\n\n<p class=\"has-text-align-center\">\u25bc<\/p>\n\n\n\n<p>A teljes interj\u00fa itt olvashat\u00f3:<br><a href=\"https:\/\/www.instagram.com\/butopea\/guide\/a-harmonikus-skandinav-stilus\/17926269619592112\/\" target=\"_blank\" rel=\"noreferrer noopener\">A harmonikus Skandin\u00e1v St\u00edlus<\/a><\/p>\n\n\n\n<p class=\"has-text-align-center\">\u25bc<\/p>\n\n\n\n<p>Perjesi Patr\u00edcia el\u00e9rhet\u0151s\u00e9gei:<\/p>\n\n\n\n<p>Instagram: <a href=\"https:\/\/www.instagram.com\/sophisticated_livings\/\" target=\"_blank\" rel=\"noreferrer noopener\">@sophisticated_livings<\/a><\/p>\n\n\n\n<p class=\"has-text-align-center\">\u25bc<\/p>\n\n\n\n<p>K\u00e9pek forr\u00e1s: Instagram, Butopea, Pinterest<\/p>\n","protected":false},"excerpt":{"rendered":"<p>Ha az otthonunkban harm\u00f3nia van, az kihat a h\u00e9tk\u00f6znapjainkra is. Pontosan ez a skandin\u00e1v st\u00edlus szellemis\u00e9ge is. Megteremteni az egyens\u00falyt az otthonunkban sz\u00ednekben, anyagokban, l\u00e1tv\u00e1nyban. A l\u00e1tv\u00e1ny mellett nagy hangs\u00falyt fektetni a min\u0151s\u00e9gre, funkcionalit\u00e1sra, id\u0151t\u00e1ll\u00f3s\u00e1gra \u2013 ezek mind a skandin\u00e1v lakberendez\u00e9s alapk\u00f6vei. Ez\u00fattal Perjesi Patr\u00edcia lakberendez\u0151vel (@sophisticated_livings) besz\u00e9lgett\u00fcnk a st\u00edlus m\u00faltj\u00e1r\u00f3l \u00e9s jelen\u00e9r\u0151l, \u00e9s arr\u00f3l, &#8230;<\/p>\n","protected":false},"author":10,"featured_media":7232,"comment_status":"open","ping_status":"open","sticky":false,"template":"","format":"standard","meta":{"footnotes":""},"categories":[24,18],"tags":[159,191,185,99,100],"class_list":["post-7231","post","type-post","status-publish","format-standard","has-post-thumbnail","hentry","category-interjuk","category-lakberendezesi-stilusok","tag-interju","tag-japandi","tag-skandi","tag-skandinav","tag-skandinav-stilus"],"yoast_head":"<!-- This site is optimized with the Yoast SEO plugin v27.5 - https:\/\/yoast.com\/product\/yoast-seo-wordpress\/ -->\n<title>Skandin\u00e1v st\u00edlus - Interj\u00fa Perjesi Patr\u00edci\u00e1val - My Little Corner by Butop\u00eaa<\/title>\n<meta name=\"description\" content=\"Perjesi Patr\u00edcia lakberendez\u0151vel k\u00e9sz\u00edtett\u00fcnk interj\u00fat a skandin\u00e1v st\u00edlus m\u00faltj\u00e1r\u00f3l \u00e9s jelen\u00e9r\u0151l, fontos elemeir\u0151l \u00e9s alkot\u00f3ir\u00f3l.\" \/>\n<meta name=\"robots\" content=\"index, follow, max-snippet:-1, max-image-preview:large, max-video-preview:-1\" \/>\n<link rel=\"canonical\" href=\"https:\/\/butopea.com\/mlc\/skandinav-stilus-interju\/\" \/>\n<meta property=\"og:locale\" content=\"hu_HU\" \/>\n<meta property=\"og:type\" content=\"article\" \/>\n<meta property=\"og:title\" content=\"Skandin\u00e1v st\u00edlus - Interj\u00fa Perjesi Patr\u00edci\u00e1val - My Little Corner by Butop\u00eaa\" \/>\n<meta property=\"og:description\" content=\"Perjesi Patr\u00edcia lakberendez\u0151vel k\u00e9sz\u00edtett\u00fcnk interj\u00fat a skandin\u00e1v st\u00edlus m\u00faltj\u00e1r\u00f3l \u00e9s jelen\u00e9r\u0151l, fontos elemeir\u0151l \u00e9s alkot\u00f3ir\u00f3l.\" \/>\n<meta property=\"og:url\" content=\"https:\/\/butopea.com\/mlc\/skandinav-stilus-interju\/\" \/>\n<meta property=\"og:site_name\" content=\"My Little Corner by Butop\u00eaa\" \/>\n<meta property=\"article:publisher\" content=\"https:\/\/www.facebook.com\/butopeacom\" \/>\n<meta property=\"article:published_time\" content=\"2021-06-25T14:00:00+00:00\" \/>\n<meta property=\"og:image\" content=\"https:\/\/butopea.com\/mlc\/wp-content\/uploads\/2021\/06\/IMG_4154-scaled.jpg\" \/>\n\t<meta property=\"og:image:width\" content=\"2400\" \/>\n\t<meta property=\"og:image:height\" content=\"2400\" \/>\n\t<meta property=\"og:image:type\" content=\"image\/jpeg\" \/>\n<meta name=\"author\" content=\"Nagy Dorottya\" \/>\n<meta name=\"twitter:card\" content=\"summary_large_image\" \/>\n<meta name=\"twitter:creator\" content=\"@butopea\" \/>\n<meta name=\"twitter:site\" content=\"@butopea\" \/>\n<meta name=\"twitter:label1\" content=\"Szerz\u0151:\" \/>\n\t<meta name=\"twitter:data1\" content=\"Nagy Dorottya\" \/>\n\t<meta name=\"twitter:label2\" content=\"Becs\u00fclt olvas\u00e1si id\u0151\" \/>\n\t<meta name=\"twitter:data2\" content=\"6 perc\" \/>\n<!-- \/ Yoast SEO plugin. -->","yoast_head_json":{"title":"Skandin\u00e1v st\u00edlus - Interj\u00fa Perjesi Patr\u00edci\u00e1val - My Little Corner by Butop\u00eaa","description":"Perjesi Patr\u00edcia lakberendez\u0151vel k\u00e9sz\u00edtett\u00fcnk interj\u00fat a skandin\u00e1v st\u00edlus m\u00faltj\u00e1r\u00f3l \u00e9s jelen\u00e9r\u0151l, fontos elemeir\u0151l \u00e9s alkot\u00f3ir\u00f3l.","robots":{"index":"index","follow":"follow","max-snippet":"max-snippet:-1","max-image-preview":"max-image-preview:large","max-video-preview":"max-video-preview:-1"},"canonical":"https:\/\/butopea.com\/mlc\/skandinav-stilus-interju\/","og_locale":"hu_HU","og_type":"article","og_title":"Skandin\u00e1v st\u00edlus - Interj\u00fa Perjesi Patr\u00edci\u00e1val - My Little Corner by Butop\u00eaa","og_description":"Perjesi Patr\u00edcia lakberendez\u0151vel k\u00e9sz\u00edtett\u00fcnk interj\u00fat a skandin\u00e1v st\u00edlus m\u00faltj\u00e1r\u00f3l \u00e9s jelen\u00e9r\u0151l, fontos elemeir\u0151l \u00e9s alkot\u00f3ir\u00f3l.","og_url":"https:\/\/butopea.com\/mlc\/skandinav-stilus-interju\/","og_site_name":"My Little Corner by Butop\u00eaa","article_publisher":"https:\/\/www.facebook.com\/butopeacom","article_published_time":"2021-06-25T14:00:00+00:00","og_image":[{"width":2400,"height":2400,"url":"https:\/\/butopea.com\/mlc\/wp-content\/uploads\/2021\/06\/IMG_4154-scaled.jpg","type":"image\/jpeg"}],"author":"Nagy Dorottya","twitter_card":"summary_large_image","twitter_creator":"@butopea","twitter_site":"@butopea","twitter_misc":{"Szerz\u0151:":"Nagy Dorottya","Becs\u00fclt olvas\u00e1si id\u0151":"6 perc"},"schema":{"@context":"https:\/\/schema.org","@graph":[{"@type":"Article","@id":"https:\/\/butopea.com\/mlc\/skandinav-stilus-interju\/#article","isPartOf":{"@id":"https:\/\/butopea.com\/mlc\/skandinav-stilus-interju\/"},"author":{"name":"Nagy Dorottya","@id":"https:\/\/butopea.com\/mlc\/#\/schema\/person\/be4a953b5496373486878fe155980705"},"headline":"Skandin\u00e1v st\u00edlus &#8211; Interj\u00fa Perjesi Patr\u00edci\u00e1val","datePublished":"2021-06-25T14:00:00+00:00","mainEntityOfPage":{"@id":"https:\/\/butopea.com\/mlc\/skandinav-stilus-interju\/"},"wordCount":1287,"commentCount":0,"publisher":{"@id":"https:\/\/butopea.com\/mlc\/#organization"},"image":{"@id":"https:\/\/butopea.com\/mlc\/skandinav-stilus-interju\/#primaryimage"},"thumbnailUrl":"https:\/\/butopea.com\/mlc\/wp-content\/uploads\/2021\/06\/IMG_4154-scaled.jpg","keywords":["interj\u00fa","japandi","skandi","skandin\u00e1v","skandin\u00e1v st\u00edlus"],"articleSection":["Interj\u00fak","Lakberendez\u00e9si st\u00edlusok"],"inLanguage":"hu","potentialAction":[{"@type":"CommentAction","name":"Comment","target":["https:\/\/butopea.com\/mlc\/skandinav-stilus-interju\/#respond"]}]},{"@type":"WebPage","@id":"https:\/\/butopea.com\/mlc\/skandinav-stilus-interju\/","url":"https:\/\/butopea.com\/mlc\/skandinav-stilus-interju\/","name":"Skandin\u00e1v st\u00edlus - Interj\u00fa Perjesi Patr\u00edci\u00e1val - My Little Corner by Butop\u00eaa","isPartOf":{"@id":"https:\/\/butopea.com\/mlc\/#website"},"primaryImageOfPage":{"@id":"https:\/\/butopea.com\/mlc\/skandinav-stilus-interju\/#primaryimage"},"image":{"@id":"https:\/\/butopea.com\/mlc\/skandinav-stilus-interju\/#primaryimage"},"thumbnailUrl":"https:\/\/butopea.com\/mlc\/wp-content\/uploads\/2021\/06\/IMG_4154-scaled.jpg","datePublished":"2021-06-25T14:00:00+00:00","description":"Perjesi Patr\u00edcia lakberendez\u0151vel k\u00e9sz\u00edtett\u00fcnk interj\u00fat a skandin\u00e1v st\u00edlus m\u00faltj\u00e1r\u00f3l \u00e9s jelen\u00e9r\u0151l, fontos elemeir\u0151l \u00e9s alkot\u00f3ir\u00f3l.","breadcrumb":{"@id":"https:\/\/butopea.com\/mlc\/skandinav-stilus-interju\/#breadcrumb"},"inLanguage":"hu","potentialAction":[{"@type":"ReadAction","target":["https:\/\/butopea.com\/mlc\/skandinav-stilus-interju\/"]}]},{"@type":"ImageObject","inLanguage":"hu","@id":"https:\/\/butopea.com\/mlc\/skandinav-stilus-interju\/#primaryimage","url":"https:\/\/butopea.com\/mlc\/wp-content\/uploads\/2021\/06\/IMG_4154-scaled.jpg","contentUrl":"https:\/\/butopea.com\/mlc\/wp-content\/uploads\/2021\/06\/IMG_4154-scaled.jpg","width":2400,"height":2400,"caption":"skandin\u00e1v st\u00edlus"},{"@type":"BreadcrumbList","@id":"https:\/\/butopea.com\/mlc\/skandinav-stilus-interju\/#breadcrumb","itemListElement":[{"@type":"ListItem","position":1,"name":"Home","item":"https:\/\/butopea.com\/mlc\/"},{"@type":"ListItem","position":2,"name":"Skandin\u00e1v st\u00edlus &#8211; Interj\u00fa Perjesi Patr\u00edci\u00e1val"}]},{"@type":"WebSite","@id":"https:\/\/butopea.com\/mlc\/#website","url":"https:\/\/butopea.com\/mlc\/","name":"My Little Corner by Butop\u00eaa","description":"Awaken your creativity","publisher":{"@id":"https:\/\/butopea.com\/mlc\/#organization"},"potentialAction":[{"@type":"SearchAction","target":{"@type":"EntryPoint","urlTemplate":"https:\/\/butopea.com\/mlc\/?s={search_term_string}"},"query-input":{"@type":"PropertyValueSpecification","valueRequired":true,"valueName":"search_term_string"}}],"inLanguage":"hu"},{"@type":"Organization","@id":"https:\/\/butopea.com\/mlc\/#organization","name":"Butop\u00eaa.com","url":"https:\/\/butopea.com\/mlc\/","logo":{"@type":"ImageObject","inLanguage":"hu","@id":"https:\/\/butopea.com\/mlc\/#\/schema\/logo\/image\/","url":"https:\/\/butopea.com\/mlc\/wp-content\/uploads\/2018\/02\/my-little-corner-by-butopea-logo.png","contentUrl":"https:\/\/butopea.com\/mlc\/wp-content\/uploads\/2018\/02\/my-little-corner-by-butopea-logo.png","width":176,"height":35,"caption":"Butop\u00eaa.com"},"image":{"@id":"https:\/\/butopea.com\/mlc\/#\/schema\/logo\/image\/"},"sameAs":["https:\/\/www.facebook.com\/butopeacom","https:\/\/x.com\/butopea","https:\/\/www.instagram.com\/butopea","https:\/\/pinterest.com\/butopea\/"]},{"@type":"Person","@id":"https:\/\/butopea.com\/mlc\/#\/schema\/person\/be4a953b5496373486878fe155980705","name":"Nagy Dorottya","image":{"@type":"ImageObject","inLanguage":"hu","@id":"https:\/\/secure.gravatar.com\/avatar\/cdf7cd591f8b3c486198c56e4320a4810e8964d73668d7aa38a3eb85866a427f?s=96&d=monsterid&r=g","url":"https:\/\/secure.gravatar.com\/avatar\/cdf7cd591f8b3c486198c56e4320a4810e8964d73668d7aa38a3eb85866a427f?s=96&d=monsterid&r=g","contentUrl":"https:\/\/secure.gravatar.com\/avatar\/cdf7cd591f8b3c486198c56e4320a4810e8964d73668d7aa38a3eb85866a427f?s=96&d=monsterid&r=g","caption":"Nagy Dorottya"},"description":"Mindig is elb\u0171v\u00f6lt a kreativit\u00e1s, a semmib\u0151l valami \u00fajat alkotni, egy egyszer\u0171ben megl\u00e1tni az egyedit. A mai fut\u00f3szalagszer\u0171 vil\u00e1gunkban fontosnak tartom, hogy legyen egy hely, ahol kiszakadunk a rohan\u00e1sb\u00f3l, ami kifejez minket, \u00e9s ahol mi kifejezhetj\u00fck magunkat, ami az otthonunk, nem puszt\u00e1n a lak\u00e1sunk. Ami a mi kreativit\u00e1sunkkal egy \u00e9p\u00fcletb\u0151l az igaz\u00e1n fontos k\u00f6z\u00f6s pillanatok helysz\u00edn\u00e9v\u00e9 v\u00e1lik.","url":"https:\/\/butopea.com\/mlc\/author\/nagy-dorottya\/"}]}},"_links":{"self":[{"href":"https:\/\/butopea.com\/mlc\/wp-json\/wp\/v2\/posts\/7231","targetHints":{"allow":["GET"]}}],"collection":[{"href":"https:\/\/butopea.com\/mlc\/wp-json\/wp\/v2\/posts"}],"about":[{"href":"https:\/\/butopea.com\/mlc\/wp-json\/wp\/v2\/types\/post"}],"author":[{"embeddable":true,"href":"https:\/\/butopea.com\/mlc\/wp-json\/wp\/v2\/users\/10"}],"replies":[{"embeddable":true,"href":"https:\/\/butopea.com\/mlc\/wp-json\/wp\/v2\/comments?post=7231"}],"version-history":[{"count":3,"href":"https:\/\/butopea.com\/mlc\/wp-json\/wp\/v2\/posts\/7231\/revisions"}],"predecessor-version":[{"id":7249,"href":"https:\/\/butopea.com\/mlc\/wp-json\/wp\/v2\/posts\/7231\/revisions\/7249"}],"wp:featuredmedia":[{"embeddable":true,"href":"https:\/\/butopea.com\/mlc\/wp-json\/wp\/v2\/media\/7232"}],"wp:attachment":[{"href":"https:\/\/butopea.com\/mlc\/wp-json\/wp\/v2\/media?parent=7231"}],"wp:term":[{"taxonomy":"category","embeddable":true,"href":"https:\/\/butopea.com\/mlc\/wp-json\/wp\/v2\/categories?post=7231"},{"taxonomy":"post_tag","embeddable":true,"href":"https:\/\/butopea.com\/mlc\/wp-json\/wp\/v2\/tags?post=7231"}],"curies":[{"name":"wp","href":"https:\/\/api.w.org\/{rel}","templated":true}]}}