{"id":5130,"date":"2020-07-24T16:00:12","date_gmt":"2020-07-24T14:00:12","guid":{"rendered":"https:\/\/butopea.com\/mlc\/?p=5130"},"modified":"2020-07-24T10:23:31","modified_gmt":"2020-07-24T08:23:31","slug":"anyagok-es-kulonleges-butoripari-megoldasok-fonott-butorok-es-dekoraciok","status":"publish","type":"post","link":"https:\/\/butopea.com\/mlc\/anyagok-es-kulonleges-butoripari-megoldasok-fonott-butorok-es-dekoraciok\/","title":{"rendered":"Anyagok \u00e9s k\u00fcl\u00f6nleges b\u00fatoripari megold\u00e1sok &#8211; Fonott b\u00fatorok \u00e9s dekor\u00e1ci\u00f3k"},"content":{"rendered":"\n<p class=\"has-text-align-justify\">A Butop\u00eaa-n\u00e1l sok k\u00fcl\u00f6nb\u00f6z\u0151 anyagot haszn\u00e1lunk b\u00fatoraink elk\u00e9sz\u00edt\u00e9se sor\u00e1n, mely anyagok k\u00f6z\u00fcl n\u00e9melyik j\u00f3l ismert, j\u00f3l bev\u00e1lt \u00e9s klasszikus, m\u00e1sok pedig kev\u00e9ss\u00e9 ismertek, az ut\u00f3bbi \u00e9vtizedek anyagtechnol\u00f3gi\u00e1j\u00e1nak v\u00edvm\u00e1nyai. \u00dagy gondoljuk, a megfelel\u0151 d\u00f6nt\u00e9shez fontos, hogy mindenki megismerje a b\u00fatorait fel\u00e9p\u00edt\u0151 anyagokat, \u00edgy cikksorozatot ind\u00edtottunk az \u00e1ltalunk haszn\u00e1lt anyagt\u00edpusok bemutat\u00e1s\u00e1ra. \u00d6t\u00f6dik cikk\u00fcnkben a term\u00e9szetes anyag\u00fa \u00e9s fonott b\u00fatorok bemutat\u00e1s\u00e1t ejtj\u00fck meg, melyek z\u00f6ld alternat\u00edvak\u00e9nt szolg\u00e1lhatnak szintetikus t\u00e1rsaik helyett.<\/p>\n\n\n\n<div class=\"wp-block-image\"><figure class=\"aligncenter size-large\"><img loading=\"lazy\" decoding=\"async\" width=\"842\" height=\"608\" src=\"https:\/\/butopea.com\/mlc\/wp-content\/uploads\/2020\/07\/esposizione_19040801_low.jpg\" alt=\"K\u00fclt\u00e9ri fonott b\u00fatorok\" class=\"wp-image-5193\" srcset=\"https:\/\/butopea.com\/mlc\/wp-content\/uploads\/2020\/07\/esposizione_19040801_low.jpg 842w, https:\/\/butopea.com\/mlc\/wp-content\/uploads\/2020\/07\/esposizione_19040801_low-768x555.jpg 768w\" sizes=\"auto, (max-width: 842px) 100vw, 842px\" \/><\/figure><\/div>\n\n\n\n<p class=\"has-text-align-justify\">A lakberendez\u00e9sben lassan egyszerre trend \u00e9s etikai elv\u00e1r\u00e1s a term\u00e9szetes, nat\u00far anyagok haszn\u00e1lata, a fonott b\u00fatorok \u00e9s dekor\u00e1ci\u00f3k n\u00e9pszer\u0171s\u00e9ge m\u00e1r r\u00e9g t\u00falmutat az <a href=\"https:\/\/butopea.com\/mlc\/az-etno-stilus-avagy-a-termeszetes-anyagokat-felvonultato-boho-hangulatu-otthon\/amp\/\">etno st\u00edluson<\/a>. Aki igaz\u00e1n k\u00f6t\u0151dik az ilyen anyagokhoz, tudja, hogy amellett, hogy a k\u00f6rnyezetet is \u00f3vja, ezen anyagok val\u00f3ban term\u00e9szetk\u00f6zeli, kellemes lak\u00f3k\u00f6rnyezetet tudnak biztos\u00edtani neki. <\/p>\n\n\n\n<p class=\"has-text-align-justify\">Nagyon nagy azonban a fogalmi kavarod\u00e1s \u00e9s bizonytalans\u00e1g a k\u00fcl\u00f6nb\u00f6z\u0151 anyagok k\u00f6z\u00f6tt: rattan, n\u00e1d sz\u00f6vet, n\u00e1d fonat, thonet &#8211; mi a k\u00fcl\u00f6nbs\u00e9g? Cikk\u00fcnkben megpr\u00f3b\u00e1lunk mindent tiszt\u00e1zni, hogy biztos k\u00e9zzel v\u00e1laszthassatok b\u00fatorv\u00e9tel sor\u00e1n.<\/p>\n\n\n\n<h2 class=\"wp-block-heading\">Boh\u00e9m mesterh\u00e1rmas  &#8211; Rattan, n\u00e1d \u00e9s vessz\u0151<\/h2>\n\n\n\n<h3 class=\"wp-block-heading\">Rattan &#8211; Klasszikus fonott b\u00fatorok anyaga<\/h3>\n\n\n\n<p class=\"has-text-align-justify\">A rattan val\u00f3j\u00e1ban a b\u00fatork\u00e9sz\u00edt\u00e9sben gyakran haszn\u00e1lt, indon\u00e9zi\u00e1ban \u0151shonos n\u00f6v\u00e9nyek gy\u0171jt\u0151neve. Leggyakrabban a rattanp\u00e1lm\u00e1t haszn\u00e1lj\u00e1k b\u00fatoralapanyagk\u00e9nt, a n\u00f6v\u00e9nyt el\u0151bb forr\u00f3 v\u00edzzel teszik puh\u00e1v\u00e1 \u00e9s form\u00e1lhat\u00f3v\u00e1, majd megsz\u00e1r\u00edtj\u00e1k \u00e9s \u00edves b\u00fatorokat k\u00e9sz\u00edtenek bels\u0151, h\u00e9j\u00e1t\u00f3l megfosztott r\u00e9sz\u00e9b\u0151l. A rattan t\u00f6bb sz\u00e1z \u00e9ve szerves r\u00e9sze a lakberendez\u00e9snek. <\/p>\n\n\n\n<figure class=\"wp-block-gallery aligncenter columns-2 is-cropped wp-block-gallery-1 is-layout-flex wp-block-gallery-is-layout-flex\"><ul class=\"blocks-gallery-grid\"><li class=\"blocks-gallery-item\"><figure><img loading=\"lazy\" decoding=\"async\" width=\"1193\" height=\"782\" src=\"https:\/\/butopea.com\/mlc\/wp-content\/uploads\/2020\/07\/deiv-39124d_3-1200x1200-1.jpg\" alt=\"Rattan kisasztal - Fonott b\u00fatorok\" data-id=\"5194\" data-full-url=\"https:\/\/butopea.com\/mlc\/wp-content\/uploads\/2020\/07\/deiv-39124d_3-1200x1200-1.jpg\" data-link=\"https:\/\/butopea.com\/mlc\/?attachment_id=5194\" class=\"wp-image-5194\" srcset=\"https:\/\/butopea.com\/mlc\/wp-content\/uploads\/2020\/07\/deiv-39124d_3-1200x1200-1.jpg 1193w, https:\/\/butopea.com\/mlc\/wp-content\/uploads\/2020\/07\/deiv-39124d_3-1200x1200-1-1024x671.jpg 1024w, https:\/\/butopea.com\/mlc\/wp-content\/uploads\/2020\/07\/deiv-39124d_3-1200x1200-1-768x503.jpg 768w\" sizes=\"auto, (max-width: 1193px) 100vw, 1193px\" \/><\/figure><\/li><li class=\"blocks-gallery-item\"><figure><img loading=\"lazy\" decoding=\"async\" width=\"1080\" height=\"1080\" src=\"https:\/\/butopea.com\/mlc\/wp-content\/uploads\/2020\/07\/butopea_mood_200507_21_V1_1200px-1200x1200-1-1080x1080.jpg\" alt=\"Feh\u00e9r rattan t\u00e1rol\u00f3\" data-id=\"5186\" data-full-url=\"https:\/\/butopea.com\/mlc\/wp-content\/uploads\/2020\/07\/butopea_mood_200507_21_V1_1200px-1200x1200-1.jpg\" data-link=\"https:\/\/butopea.com\/mlc\/?attachment_id=5186\" class=\"wp-image-5186\" srcset=\"https:\/\/butopea.com\/mlc\/wp-content\/uploads\/2020\/07\/butopea_mood_200507_21_V1_1200px-1200x1200-1-1080x1080.jpg 1080w, https:\/\/butopea.com\/mlc\/wp-content\/uploads\/2020\/07\/butopea_mood_200507_21_V1_1200px-1200x1200-1-768x768.jpg 768w, https:\/\/butopea.com\/mlc\/wp-content\/uploads\/2020\/07\/butopea_mood_200507_21_V1_1200px-1200x1200-1-150x150.jpg 150w, https:\/\/butopea.com\/mlc\/wp-content\/uploads\/2020\/07\/butopea_mood_200507_21_V1_1200px-1200x1200-1.jpg 1200w\" sizes=\"auto, (max-width: 1080px) 100vw, 1080px\" \/><\/figure><\/li><\/ul><\/figure>\n\n\n\n<h3 class=\"wp-block-heading\">N\u00e1d &#8211; Val\u00f3j\u00e1ban nem is n\u00e1d?<\/h3>\n\n\n\n<p class=\"has-text-align-justify\">Meglep\u0151 m\u00f3don a n\u00e1d b\u00fatorok alapanyaga is a rattanp\u00e1lma. Az anyag feldolgoz\u00e1sa sor\u00e1n egy vastagabb bels\u0151 r\u00e9sz \u00e9s egy v\u00e9konyabb k\u00fcls\u0151 r\u00e9sz keletkezik. M\u00edg az el\u0151bbi vastag r\u00e9szb\u0151l rattan b\u00fatorokat k\u00e9sz\u00edtenek, az ut\u00f3bbi \u00e9s v\u00e9konyabb r\u00e9sz k\u00fcl\u00f6nb\u00f6z\u0151 h\u00e1l\u00f3s szerkezet\u0171 fon\u00e1sok r\u00e9v\u00e9n adja a n\u00e1d b\u00fatorok anyag\u00e1t.<\/p>\n\n\n\n<div class=\"wp-block-image\"><figure class=\"aligncenter size-large\"><img loading=\"lazy\" decoding=\"async\" width=\"1080\" height=\"1080\" src=\"https:\/\/butopea.com\/mlc\/wp-content\/uploads\/2020\/07\/79230842_3002198209800087_3463391134196170752_n-1200x1200-1-1080x1080.jpg\" alt=\"N\u00e1d sz\u00e9k - Fonott b\u00fatorok\" class=\"wp-image-5183\" srcset=\"https:\/\/butopea.com\/mlc\/wp-content\/uploads\/2020\/07\/79230842_3002198209800087_3463391134196170752_n-1200x1200-1-1080x1080.jpg 1080w, https:\/\/butopea.com\/mlc\/wp-content\/uploads\/2020\/07\/79230842_3002198209800087_3463391134196170752_n-1200x1200-1-768x768.jpg 768w, https:\/\/butopea.com\/mlc\/wp-content\/uploads\/2020\/07\/79230842_3002198209800087_3463391134196170752_n-1200x1200-1-150x150.jpg 150w, https:\/\/butopea.com\/mlc\/wp-content\/uploads\/2020\/07\/79230842_3002198209800087_3463391134196170752_n-1200x1200-1.jpg 1200w\" sizes=\"auto, (max-width: 1080px) 100vw, 1080px\" \/><\/figure><\/div>\n\n\n\n<p class=\"has-text-align-justify\">A rattan bels\u0151 r\u00e9sz\u00e9b\u0151l k\u00e9sz\u00edtett sz\u00f6vet egyenletes, szab\u00e1lyosan megmunk\u00e1lhat\u00f3 anyag, mely j\u00f3l festhet\u0151, de nagy terhel\u00e9sre t\u00f6rik, sz\u00e1lank\u00e9nt nem kimondottan er\u0151s. A k\u00fcls\u0151 h\u00e9jas r\u00e9szb\u0151l k\u00e9sz\u00fclt n\u00e1dfonat azonban er\u0151s, nem t\u00f6rik, nehezen szak\u00edthat\u00f3 el, de nehezen p\u00e1colhat\u00f3 \u00e9s nem festhet\u0151.<\/p>\n\n\n\n<p><strong>Teli n\u00e1dsz\u00f6vet<\/strong><\/p>\n\n\n\n<p class=\"has-text-align-justify\">Hab\u00e1r n\u00e1dsz\u00f6vetnek h\u00edvj\u00e1k, gyakorlatilag ugyan\u00fagy a rattanp\u00e1lma bels\u0151 r\u00e9sz\u00e9b\u0151l k\u00e9sz\u00edtik, ak\u00e1rcsak a rattan b\u00fatorokat. A k\u00fcl\u00f6nbs\u00e9g egyed\u00fcl a feldolgoz\u00e1si elj\u00e1r\u00e1sban lelhet\u0151 fel. <\/p>\n\n\n\n<div class=\"wp-block-image\"><figure class=\"aligncenter size-large\"><img loading=\"lazy\" decoding=\"async\" width=\"508\" height=\"339\" src=\"https:\/\/butopea.com\/mlc\/wp-content\/uploads\/2020\/07\/Textured-background-of-an-old-and-weathered-bamboo-rattan-mat_-The___.jpg\" alt=\"Teli sz\u00f6v\u00e9s\u0171 n\u00e1d\" class=\"wp-image-5189\" \/><\/figure><\/div>\n\n\n\n<p class=\"has-text-align-justify\">J\u00f3l festhet\u0151, p\u00e1colhat\u00f3, \u00edgy a sz\u00ednvil\u00e1ga b\u00e1rmilyen alapsz\u00ednnel rendelkez\u0151 b\u00fatorhoz igaz\u00edthat\u00f3. Nem sz\u00fcks\u00e9ges azonban lefesteni sem, ugyanis a vil\u00e1gosabb sz\u00edn\u0171 n\u00e1dsz\u00f6vet j\u00f3l tud kin\u00e9zni egy s\u00f6t\u00e9tebb \u00e1rnyalat\u00fa b\u00fator r\u00e9szek\u00e9nt is.<\/p>\n\n\n\n<p><strong>Thonet &#8211; Lyukacsos n\u00e1dfonat<\/strong><\/p>\n\n\n\n<p class=\"has-text-align-justify\">A thonet anyag a rattanp\u00e1lma k\u00fcls\u0151 h\u00e9j\u00e1b\u00f3l k\u00e9sz\u00edtett lyukacsos n\u00e1dfonat. 1859-ben mutatta be az els\u0151 Thonet sz\u00e9ket a n\u00e9vad\u00f3 Michael Thonet. Akkoriban a hajl\u00edtott b\u00fckkfa \u00e9s az egyedi n\u00e1dfonat forradalmi \u00faj\u00edt\u00e1sk\u00e9nt \u00e9rte a b\u00fatoripart, el\u0151bb-ut\u00f3bb minden k\u00e1v\u00e9z\u00f3 \u00e9s \u00e9tterem ilyen sz\u00e9kekre cser\u00e9lte le a r\u00e9gieket.<\/p>\n\n\n\n<div class=\"wp-block-image\"><figure class=\"aligncenter size-large\"><img loading=\"lazy\" decoding=\"async\" width=\"1080\" height=\"1080\" src=\"https:\/\/butopea.com\/mlc\/wp-content\/uploads\/2020\/07\/u-alaku-pad-rattan-ulokevel-mahagoni-dew-b17d-h71-00-cm-w39-50-cm-119-50-cm-3-1200x1200-1-1080x1080.jpg\" alt=\"Lyukacsos n\u00e1d fonott b\u00fatorok\" class=\"wp-image-5181\" srcset=\"https:\/\/butopea.com\/mlc\/wp-content\/uploads\/2020\/07\/u-alaku-pad-rattan-ulokevel-mahagoni-dew-b17d-h71-00-cm-w39-50-cm-119-50-cm-3-1200x1200-1-1080x1080.jpg 1080w, https:\/\/butopea.com\/mlc\/wp-content\/uploads\/2020\/07\/u-alaku-pad-rattan-ulokevel-mahagoni-dew-b17d-h71-00-cm-w39-50-cm-119-50-cm-3-1200x1200-1-768x768.jpg 768w, https:\/\/butopea.com\/mlc\/wp-content\/uploads\/2020\/07\/u-alaku-pad-rattan-ulokevel-mahagoni-dew-b17d-h71-00-cm-w39-50-cm-119-50-cm-3-1200x1200-1-150x150.jpg 150w, https:\/\/butopea.com\/mlc\/wp-content\/uploads\/2020\/07\/u-alaku-pad-rattan-ulokevel-mahagoni-dew-b17d-h71-00-cm-w39-50-cm-119-50-cm-3-1200x1200-1.jpg 1200w\" sizes=\"auto, (max-width: 1080px) 100vw, 1080px\" \/><\/figure><\/div>\n\n\n\n<p class=\"has-text-align-justify\">Ma ritk\u00e1bban tal\u00e1lkozunk a Thonet f\u00e9le lyukacsos n\u00e1dfonattal, \u00fcl\u0151alkalmatoss\u00e1gokat, t\u00e9relv\u00e1laszt\u00f3kat, parav\u00e1nokat, \u00e9s szell\u0151z\u00e9st ig\u00e9nyl\u0151 t\u00e1rgyak t\u00e1rol\u00e1s\u00e1ra haszn\u00e1lt szekr\u00e9nyeket k\u00e9sz\u00edtenek bel\u0151le. <\/p>\n\n\n\n<h3 class=\"wp-block-heading\">Vessz\u0151 &#8211; Fonott b\u00fatorok m\u00e1s anyagokb\u00f3l<\/h3>\n\n\n\n<p class=\"has-text-align-justify\">Kiss\u00e9 bonyol\u00edtja a helyzetet, hogy a vessz\u0151fonott b\u00fatorok is k\u00e9sz\u00fclhetnek rattanp\u00e1lm\u00e1b\u00f3l, de ez nem sz\u00fcks\u00e9gszer\u0171. A vessz\u0151b\u00fatorok alapvet\u0151en m\u00e1s n\u00f6v\u00e9nyek &#8211; f\u0171z, bambusz, gy\u00e9k\u00e9ny &#8211; r\u00e9szeib\u0151l k\u00e9sz\u00fclnek, j\u00f3l megk\u00fcl\u00f6nb\u00f6ztethet\u0151ek egym\u00e1st\u00f3l \u00e9s a rattan anyagt\u00f3l. <\/p>\n\n\n\n<figure class=\"wp-block-gallery aligncenter columns-2 is-cropped wp-block-gallery-2 is-layout-flex wp-block-gallery-is-layout-flex\"><ul class=\"blocks-gallery-grid\"><li class=\"blocks-gallery-item\"><figure><img loading=\"lazy\" decoding=\"async\" width=\"520\" height=\"700\" src=\"https:\/\/butopea.com\/mlc\/wp-content\/uploads\/2020\/07\/IE5_WickerRattanRaffia_071016.jpg\" alt=\"Vessz\u0151fonott b\u00fator\" data-id=\"5218\" data-full-url=\"https:\/\/butopea.com\/mlc\/wp-content\/uploads\/2020\/07\/IE5_WickerRattanRaffia_071016.jpg\" data-link=\"https:\/\/butopea.com\/mlc\/?attachment_id=5218\" class=\"wp-image-5218\" \/><\/figure><\/li><li class=\"blocks-gallery-item\"><figure><img loading=\"lazy\" decoding=\"async\" width=\"848\" height=\"1080\" src=\"https:\/\/butopea.com\/mlc\/wp-content\/uploads\/2020\/07\/Vintage-Wicker-Armchair-Peacock-Cane-Woven-Willow-1960s-Boho-Tiki-MCM-114066039786-5-848x1080.jpg\" alt=\"Vessz\u0151fonott b\u00fator\" data-id=\"5219\" data-full-url=\"https:\/\/butopea.com\/mlc\/wp-content\/uploads\/2020\/07\/Vintage-Wicker-Armchair-Peacock-Cane-Woven-Willow-1960s-Boho-Tiki-MCM-114066039786-5.jpg\" data-link=\"https:\/\/butopea.com\/mlc\/?attachment_id=5219\" class=\"wp-image-5219\" srcset=\"https:\/\/butopea.com\/mlc\/wp-content\/uploads\/2020\/07\/Vintage-Wicker-Armchair-Peacock-Cane-Woven-Willow-1960s-Boho-Tiki-MCM-114066039786-5-848x1080.jpg 848w, https:\/\/butopea.com\/mlc\/wp-content\/uploads\/2020\/07\/Vintage-Wicker-Armchair-Peacock-Cane-Woven-Willow-1960s-Boho-Tiki-MCM-114066039786-5-603x768.jpg 603w, https:\/\/butopea.com\/mlc\/wp-content\/uploads\/2020\/07\/Vintage-Wicker-Armchair-Peacock-Cane-Woven-Willow-1960s-Boho-Tiki-MCM-114066039786-5-768x978.jpg 768w, https:\/\/butopea.com\/mlc\/wp-content\/uploads\/2020\/07\/Vintage-Wicker-Armchair-Peacock-Cane-Woven-Willow-1960s-Boho-Tiki-MCM-114066039786-5-1206x1536.jpg 1206w, https:\/\/butopea.com\/mlc\/wp-content\/uploads\/2020\/07\/Vintage-Wicker-Armchair-Peacock-Cane-Woven-Willow-1960s-Boho-Tiki-MCM-114066039786-5.jpg 1256w\" sizes=\"auto, (max-width: 848px) 100vw, 848px\" \/><\/figure><\/li><\/ul><\/figure>\n\n\n\n<p class=\"has-text-align-justify\">A rattan, n\u00e1d \u00e9s vessz\u0151 fonott b\u00fatorok viszony\u00e1t neh\u00e9z \u00e1tl\u00e1tni, de \u00f6k\u00f6lszab\u00e1lyk\u00e9nt hasznos tudnunk, hogy a v\u00e9konyabb, finomabb sz\u0151tt fel\u00fcletek (sz\u00e9kt\u00e1mla, szekr\u00e9nyajt\u00f3, l\u00e1mpaerny\u0151k) n\u00e1db\u00f3l, m\u00edg a nagyobb, terhel\u00e9snek ellen\u00e1ll\u00f3 darabok (sz\u00e9kek, fotelek) rattanb\u00f3l, vagy vessz\u0151b\u0151l k\u00e9sz\u00fclnek.<\/p>\n\n\n\n<h2 class=\"wp-block-heading\">Tov\u00e1bbi term\u00e9szetes fonott b\u00fatorok \u00e9s dekor\u00e1ci\u00f3k<\/h2>\n\n\n\n<h3 class=\"wp-block-heading\">Bambusz<\/h3>\n\n\n\n<p class=\"has-text-align-justify\">A vil\u00e1g egyik leggyorsabban n\u00f6v\u0151 n\u00f6v\u00e9nye, tov\u00e1bbi kedvez\u0151 tulajdons\u00e1gait is figyelembe v\u00e9ve nem csoda, hogy a mai napig a b\u00fatoripar egyik kedvence. Nagyon er\u0151s, k\u00f6nnyen alak\u00edthat\u00f3, j\u00f3l form\u00e1lhat\u00f3, m\u00e9gis tart\u00f3s. Gyakorlatilag mindenf\u00e9le b\u00fatort \u00e9s dekor\u00e1ci\u00f3t k\u00e9sz\u00edtenek bel\u0151le.<\/p>\n\n\n\n<figure class=\"wp-block-gallery aligncenter columns-2 is-cropped wp-block-gallery-3 is-layout-flex wp-block-gallery-is-layout-flex\"><ul class=\"blocks-gallery-grid\"><li class=\"blocks-gallery-item\"><figure><img loading=\"lazy\" decoding=\"async\" width=\"1080\" height=\"1080\" src=\"https:\/\/butopea.com\/mlc\/wp-content\/uploads\/2020\/07\/Vintage-Bohemian-Rattan-Bamboo-Sofa-1080x1080.jpg\" alt=\"Bambusz b\u00fatorok\" data-id=\"5212\" data-full-url=\"https:\/\/butopea.com\/mlc\/wp-content\/uploads\/2020\/07\/Vintage-Bohemian-Rattan-Bamboo-Sofa.jpg\" data-link=\"https:\/\/butopea.com\/mlc\/?attachment_id=5212\" class=\"wp-image-5212\" srcset=\"https:\/\/butopea.com\/mlc\/wp-content\/uploads\/2020\/07\/Vintage-Bohemian-Rattan-Bamboo-Sofa-1080x1080.jpg 1080w, https:\/\/butopea.com\/mlc\/wp-content\/uploads\/2020\/07\/Vintage-Bohemian-Rattan-Bamboo-Sofa-768x768.jpg 768w, https:\/\/butopea.com\/mlc\/wp-content\/uploads\/2020\/07\/Vintage-Bohemian-Rattan-Bamboo-Sofa-150x150.jpg 150w, https:\/\/butopea.com\/mlc\/wp-content\/uploads\/2020\/07\/Vintage-Bohemian-Rattan-Bamboo-Sofa.jpg 1296w\" sizes=\"auto, (max-width: 1080px) 100vw, 1080px\" \/><\/figure><\/li><li class=\"blocks-gallery-item\"><figure><img loading=\"lazy\" decoding=\"async\" width=\"1080\" height=\"1080\" src=\"https:\/\/butopea.com\/mlc\/wp-content\/uploads\/2020\/07\/CAGE-bambusz-asztali-l\u00e1mpa-1200x1200-1-1080x1080.jpg\" alt=\"Bambusz l\u00e1mpa\" data-id=\"5175\" data-full-url=\"https:\/\/butopea.com\/mlc\/wp-content\/uploads\/2020\/07\/CAGE-bambusz-asztali-l\u00e1mpa-1200x1200-1.jpg\" data-link=\"https:\/\/butopea.com\/mlc\/?attachment_id=5175\" class=\"wp-image-5175\" srcset=\"https:\/\/butopea.com\/mlc\/wp-content\/uploads\/2020\/07\/CAGE-bambusz-asztali-l\u00e1mpa-1200x1200-1-1080x1080.jpg 1080w, https:\/\/butopea.com\/mlc\/wp-content\/uploads\/2020\/07\/CAGE-bambusz-asztali-l\u00e1mpa-1200x1200-1-768x768.jpg 768w, https:\/\/butopea.com\/mlc\/wp-content\/uploads\/2020\/07\/CAGE-bambusz-asztali-l\u00e1mpa-1200x1200-1-150x150.jpg 150w, https:\/\/butopea.com\/mlc\/wp-content\/uploads\/2020\/07\/CAGE-bambusz-asztali-l\u00e1mpa-1200x1200-1.jpg 1200w\" sizes=\"auto, (max-width: 1080px) 100vw, 1080px\" \/><\/figure><\/li><\/ul><\/figure>\n\n\n\n<h3 class=\"wp-block-heading\">K\u00f3kuszrost<\/h3>\n\n\n\n<p class=\"has-text-align-justify\">A k\u00f3kusz haszn\u00e1ra m\u00e1r az \u00f3korban r\u00e1ismertek, level\u00e9t, t\u00f6rzs\u00e9t, a k\u00f3kuszdi\u00f3 k\u00fcls\u0151 sz\u00e1las burk\u00e1t a mai napig haszn\u00e1lj\u00e1k. Nem kimondottan alkalmas b\u00fatorok k\u00e9sz\u00edt\u00e9s\u00e9hez, ink\u00e1bb kosarak, sz\u0151nyegek, k\u00f6t\u00e9lanyag, sepr\u0171k k\u00e9sz\u00fclnek bel\u0151le.<\/p>\n\n\n\n<figure class=\"wp-block-gallery aligncenter columns-2 is-cropped wp-block-gallery-4 is-layout-flex wp-block-gallery-is-layout-flex\"><ul class=\"blocks-gallery-grid\"><li class=\"blocks-gallery-item\"><figure><img loading=\"lazy\" decoding=\"async\" width=\"1280\" height=\"720\" src=\"https:\/\/butopea.com\/mlc\/wp-content\/uploads\/2020\/07\/Coir-Carpet.jpg\" alt=\"K\u00f3kuszrost sz\u0151nyeg\" data-id=\"5214\" data-full-url=\"https:\/\/butopea.com\/mlc\/wp-content\/uploads\/2020\/07\/Coir-Carpet.jpg\" data-link=\"https:\/\/butopea.com\/mlc\/?attachment_id=5214\" class=\"wp-image-5214\" srcset=\"https:\/\/butopea.com\/mlc\/wp-content\/uploads\/2020\/07\/Coir-Carpet.jpg 1280w, https:\/\/butopea.com\/mlc\/wp-content\/uploads\/2020\/07\/Coir-Carpet-1024x576.jpg 1024w, https:\/\/butopea.com\/mlc\/wp-content\/uploads\/2020\/07\/Coir-Carpet-768x432.jpg 768w\" sizes=\"auto, (max-width: 1280px) 100vw, 1280px\" \/><\/figure><\/li><li class=\"blocks-gallery-item\"><figure><img loading=\"lazy\" decoding=\"async\" width=\"1000\" height=\"667\" src=\"https:\/\/butopea.com\/mlc\/wp-content\/uploads\/2020\/07\/3ef6416ae2457f875a8792c604b26ac7.jpg\" alt=\"K\u00f3kuszrost bor\u00edt\u00e1s\" data-id=\"5213\" data-full-url=\"https:\/\/butopea.com\/mlc\/wp-content\/uploads\/2020\/07\/3ef6416ae2457f875a8792c604b26ac7.jpg\" data-link=\"https:\/\/butopea.com\/mlc\/?attachment_id=5213\" class=\"wp-image-5213\" srcset=\"https:\/\/butopea.com\/mlc\/wp-content\/uploads\/2020\/07\/3ef6416ae2457f875a8792c604b26ac7.jpg 1000w, https:\/\/butopea.com\/mlc\/wp-content\/uploads\/2020\/07\/3ef6416ae2457f875a8792c604b26ac7-768x512.jpg 768w\" sizes=\"auto, (max-width: 1000px) 100vw, 1000px\" \/><\/figure><\/li><\/ul><\/figure>\n\n\n\n<h3 class=\"wp-block-heading\">Ban\u00e1nfa<\/h3>\n\n\n\n<p class=\"has-text-align-justify\">A ban\u00e1nf\u00e1ra jellemz\u0151, hogy t\u00f6rzs\u00e9t er\u0151s rostok alkotj\u00e1k, melyek remek alapanyagk\u00e9nt szolg\u00e1lnak sz\u00f6v\u00e9shez, fon\u00e1shoz. K\u00fcl\u00f6n\u00f6sen k\u00f6rnyezetbar\u00e1t \u00e9s tudatosan felhaszn\u00e1lt anyag, hiszen a n\u00f6v\u00e9ny azon r\u00e9szeib\u0151l k\u00e9sz\u00fcl b\u00fator, amiket m\u00e1sk\u00fcl\u00f6nben kidobn\u00e1nak a ban\u00e1nsz\u00fcret ut\u00e1n.<\/p>\n\n\n\n<div class=\"wp-block-image\"><figure class=\"aligncenter size-large\"><img loading=\"lazy\" decoding=\"async\" width=\"1354\" height=\"1080\" src=\"https:\/\/butopea.com\/mlc\/wp-content\/uploads\/2020\/07\/Laughton-King-Size-Bed-300501KE-203262-5002-Coaster-Furniture-King-Size-Beds-1354x1080.jpg\" alt=\"Ban\u00e1nlev\u00e9l \u00e1gy - Fonott b\u00fatorok\" class=\"wp-image-5211\" srcset=\"https:\/\/butopea.com\/mlc\/wp-content\/uploads\/2020\/07\/Laughton-King-Size-Bed-300501KE-203262-5002-Coaster-Furniture-King-Size-Beds-1354x1080.jpg 1354w, https:\/\/butopea.com\/mlc\/wp-content\/uploads\/2020\/07\/Laughton-King-Size-Bed-300501KE-203262-5002-Coaster-Furniture-King-Size-Beds-963x768.jpg 963w, https:\/\/butopea.com\/mlc\/wp-content\/uploads\/2020\/07\/Laughton-King-Size-Bed-300501KE-203262-5002-Coaster-Furniture-King-Size-Beds-768x613.jpg 768w, https:\/\/butopea.com\/mlc\/wp-content\/uploads\/2020\/07\/Laughton-King-Size-Bed-300501KE-203262-5002-Coaster-Furniture-King-Size-Beds-1536x1225.jpg 1536w, https:\/\/butopea.com\/mlc\/wp-content\/uploads\/2020\/07\/Laughton-King-Size-Bed-300501KE-203262-5002-Coaster-Furniture-King-Size-Beds.jpg 1800w\" sizes=\"auto, (max-width: 1354px) 100vw, 1354px\" \/><\/figure><\/div>\n\n\n\n<h3 class=\"wp-block-heading\">Tengerif\u0171<\/h3>\n\n\n\n<p class=\"has-text-align-justify\">D\u00e9lkelet-\u00c1zsia egy tradicion\u00e1lis \u00e9s \u0151si alapanyaga.  A tengerben \u00e9s foly\u00f3k torkolat\u00e1ban tal\u00e1lkozhatunk a n\u00f6v\u00e9nnyel. Kisz\u00e1r\u00edt\u00e1st k\u00f6vet\u0151en er\u0151s \u00e9s rugalmas anyagot kapunk, amib\u0151l sz\u0151nyegeket, l\u00e1bt\u00f6rl\u0151t, boho n\u00f6v\u00e9nytart\u00f3kat, esetenk\u00e9nt b\u00fatorokat is k\u00e9sz\u00edtenek.<\/p>\n\n\n\n<div class=\"wp-block-image\"><figure class=\"aligncenter size-large\"><img loading=\"lazy\" decoding=\"async\" width=\"1080\" height=\"1080\" src=\"https:\/\/butopea.com\/mlc\/wp-content\/uploads\/2020\/07\/tengerifu-1080x1080.jpg\" alt=\"Tengerif\u0171 n\u00f6v\u00e9nytart\u00f3\" class=\"wp-image-5173\" srcset=\"https:\/\/butopea.com\/mlc\/wp-content\/uploads\/2020\/07\/tengerifu-1080x1080.jpg 1080w, https:\/\/butopea.com\/mlc\/wp-content\/uploads\/2020\/07\/tengerifu-768x768.jpg 768w, https:\/\/butopea.com\/mlc\/wp-content\/uploads\/2020\/07\/tengerifu-150x150.jpg 150w, https:\/\/butopea.com\/mlc\/wp-content\/uploads\/2020\/07\/tengerifu.jpg 1200w\" sizes=\"auto, (max-width: 1080px) 100vw, 1080px\" \/><\/figure><\/div>\n\n\n\n<h3 class=\"wp-block-heading\">V\u00edzij\u00e1cint<\/h3>\n\n\n\n<p class=\"has-text-align-justify\">A tengerif\u0171h\u00f6z hasonl\u00f3an ez is egy v\u00edzkedvel\u0151 n\u00f6v\u00e9ny, mely a vil\u00e1g tr\u00f3pusi vizeiben meglehet\u0151sen agressz\u00edvan terjeszkedik. Tart\u00f3s, er\u0151s, fonhat\u00f3 rostokat kapunk kisz\u00e1r\u00edt\u00e1s ut\u00e1n. \u00cdzl\u00e9ses, term\u00e9szetes vir\u00e1gtart\u00f3kat \u00e9s nagyobb n\u00f6v\u00e9nytart\u00f3kat el\u0151szeretettel k\u00e9sz\u00edtenek bel\u0151le.<\/p>\n\n\n\n<div class=\"wp-block-image\"><figure class=\"aligncenter size-large\"><img loading=\"lazy\" decoding=\"async\" width=\"1080\" height=\"1080\" src=\"https:\/\/butopea.com\/mlc\/wp-content\/uploads\/2020\/07\/109338947_296950381504017_3547281006390759289_n.jpg\" alt=\"Vizij\u00e1cint kasp\u00f3\" class=\"wp-image-5178\" srcset=\"https:\/\/butopea.com\/mlc\/wp-content\/uploads\/2020\/07\/109338947_296950381504017_3547281006390759289_n.jpg 1080w, https:\/\/butopea.com\/mlc\/wp-content\/uploads\/2020\/07\/109338947_296950381504017_3547281006390759289_n-768x768.jpg 768w, https:\/\/butopea.com\/mlc\/wp-content\/uploads\/2020\/07\/109338947_296950381504017_3547281006390759289_n-150x150.jpg 150w\" sizes=\"auto, (max-width: 1080px) 100vw, 1080px\" \/><\/figure><\/div>\n\n\n\n<h3 class=\"wp-block-heading\">Juta<\/h3>\n\n\n\n<p class=\"has-text-align-justify\">A&nbsp;juta&nbsp;a pamut ut\u00e1n a m\u00e1sodik leggyakoribb textiln\u00f6v\u00e9ny, a 3-4 m\u00e9ter magasra is megn\u00f6v\u0151 n\u00f6v\u00e9ny sz\u00e1r\u00e1b\u00f3l nyerik a k\u00e9s\u0151bb felhaszn\u00e1lt rostot. R\u00e9gen ink\u00e1bb funkcion\u00e1lis eszk\u00f6z\u00f6k (zs\u00e1kv\u00e1szon, gabonat\u00e1rol\u00f3, k\u00f6t\u00e9l) anyaga volt, ma m\u00e1r eszt\u00e9tikumk\u00e9nt is haszn\u00e1latos f\u00fcgg\u00f6ny\u00f6k, sz\u0151nyegek, asztalter\u00edt\u0151k, ev\u0151eszk\u00f6z-, vagy \u00e9pp n\u00f6v\u00e9nytart\u00f3k anyagak\u00e9nt tal\u00e1lkozhatunk vele.<\/p>\n\n\n\n<figure class=\"wp-block-gallery aligncenter columns-2 is-cropped wp-block-gallery-5 is-layout-flex wp-block-gallery-is-layout-flex\"><ul class=\"blocks-gallery-grid\"><li class=\"blocks-gallery-item\"><figure><img loading=\"lazy\" decoding=\"async\" width=\"1080\" height=\"1080\" src=\"https:\/\/butopea.com\/mlc\/wp-content\/uploads\/2020\/07\/hannaDSC_0771-1200x1200-1-1080x1080.jpg\" alt=\"Juta sz\u0151nyeg\" data-id=\"5196\" data-full-url=\"https:\/\/butopea.com\/mlc\/wp-content\/uploads\/2020\/07\/hannaDSC_0771-1200x1200-1.jpg\" data-link=\"https:\/\/butopea.com\/mlc\/?attachment_id=5196\" class=\"wp-image-5196\" srcset=\"https:\/\/butopea.com\/mlc\/wp-content\/uploads\/2020\/07\/hannaDSC_0771-1200x1200-1-1080x1080.jpg 1080w, https:\/\/butopea.com\/mlc\/wp-content\/uploads\/2020\/07\/hannaDSC_0771-1200x1200-1-768x768.jpg 768w, https:\/\/butopea.com\/mlc\/wp-content\/uploads\/2020\/07\/hannaDSC_0771-1200x1200-1-150x150.jpg 150w, https:\/\/butopea.com\/mlc\/wp-content\/uploads\/2020\/07\/hannaDSC_0771-1200x1200-1.jpg 1200w\" sizes=\"auto, (max-width: 1080px) 100vw, 1080px\" \/><\/figure><\/li><li class=\"blocks-gallery-item\"><figure><img loading=\"lazy\" decoding=\"async\" width=\"1080\" height=\"1080\" src=\"https:\/\/butopea.com\/mlc\/wp-content\/uploads\/2020\/07\/butopea_mood_200625_15_V1_1200px-1080x1080.jpg\" alt=\"Fonott sz\u0151nyeg \u00e9s vir\u00e1gtart\u00f3\" data-id=\"5231\" data-full-url=\"https:\/\/butopea.com\/mlc\/wp-content\/uploads\/2020\/07\/butopea_mood_200625_15_V1_1200px.jpg\" data-link=\"https:\/\/butopea.com\/mlc\/?attachment_id=5231\" class=\"wp-image-5231\" srcset=\"https:\/\/butopea.com\/mlc\/wp-content\/uploads\/2020\/07\/butopea_mood_200625_15_V1_1200px-1080x1080.jpg 1080w, https:\/\/butopea.com\/mlc\/wp-content\/uploads\/2020\/07\/butopea_mood_200625_15_V1_1200px-768x768.jpg 768w, https:\/\/butopea.com\/mlc\/wp-content\/uploads\/2020\/07\/butopea_mood_200625_15_V1_1200px-150x150.jpg 150w, https:\/\/butopea.com\/mlc\/wp-content\/uploads\/2020\/07\/butopea_mood_200625_15_V1_1200px.jpg 1200w\" sizes=\"auto, (max-width: 1080px) 100vw, 1080px\" \/><\/figure><\/li><\/ul><\/figure>\n\n\n\n<h3 class=\"wp-block-heading\">Gy\u00e9k\u00e9ny <\/h3>\n\n\n\n<p class=\"has-text-align-justify\">Igazi hazai alapanyag, r\u00e9gen szinte minden r\u00e9sz\u00e9t felhaszn\u00e1lt\u00e1k t\u00e1rgyak, j\u00e1t\u00e9kok k\u00e9sz\u00edt\u00e9s\u00e9re, puha term\u00e9s\u00e9vel p\u00e1rn\u00e1kat t\u00f6lt\u00f6ttek, egyes r\u00e9szeit p\u00f6rk\u00f6lve k\u00e1v\u00e9 helyett fogyasztott\u00e1k. Manaps\u00e1g ritk\u00e1bban tal\u00e1lkozunk vele, l\u00e1mpaerny\u0151k, term\u00e9szetes, eszt\u00e9tikus dekor\u00e1ci\u00f3 r\u00e9szek\u00e9nt l\u00e1tjuk legink\u00e1bb, de b\u00fatorok, puffok anyagak\u00e9nt is fel-felbukkan.<\/p>\n\n\n\n<div class=\"wp-block-image\"><figure class=\"aligncenter size-large\"><img loading=\"lazy\" decoding=\"async\" width=\"1001\" height=\"1001\" src=\"https:\/\/butopea.com\/mlc\/wp-content\/uploads\/2020\/07\/gy\u00e9k\u00e9ny.jpg\" alt=\"Gy\u00e9k\u00e9ny puff\" class=\"wp-image-5171\" srcset=\"https:\/\/butopea.com\/mlc\/wp-content\/uploads\/2020\/07\/gy\u00e9k\u00e9ny.jpg 1001w, https:\/\/butopea.com\/mlc\/wp-content\/uploads\/2020\/07\/gy\u00e9k\u00e9ny-768x768.jpg 768w, https:\/\/butopea.com\/mlc\/wp-content\/uploads\/2020\/07\/gy\u00e9k\u00e9ny-150x150.jpg 150w\" sizes=\"auto, (max-width: 1001px) 100vw, 1001px\" \/><\/figure><\/div>\n\n\n\n<h3 class=\"wp-block-heading\">M\u0171rattan &#8211; Kakukktoj\u00e1s a fonott b\u00fatorok k\u00f6zt<\/h3>\n\n\n\n<p class=\"has-text-align-justify\">Az ilyen fonott b\u00fatorok kiesnek a term\u00e9szetes \u00e9s k\u00f6rnyezetbar\u00e1t kateg\u00f3ri\u00e1b\u00f3l, azonban &#8211; ahogy a legt\u00f6bb szintetikus anyagnak &#8211;  megvan a maga el\u0151nye. M\u00edg a term\u00e9szetes rattant nem igaz\u00e1n aj\u00e1nlatos k\u00fclt\u00e9ren haszn\u00e1lni, a m\u0171rattan nagyon j\u00f3l b\u00edrja a k\u00f6rnyezeti viszontags\u00e1gokat, \u00e9s r\u00e1n\u00e9z\u00e9sre szinte lehetetlen megmondani, hogy m\u0171anyagr\u00f3l van sz\u00f3. Ha teh\u00e1t egy j\u00f3l tiszt\u00edthat\u00f3, k\u00f6nny\u0171, m\u00e9gis tart\u00f3s k\u00fclt\u00e9ri b\u00fatort szeretn\u00e9nk, j\u00f3 d\u00f6nt\u00e9s lehet egy m\u0171rattan kerti garnit\u00fara. <\/p>\n\n\n\n<div class=\"wp-block-image\"><figure class=\"aligncenter size-large\"><img loading=\"lazy\" decoding=\"async\" width=\"1199\" height=\"771\" src=\"https:\/\/butopea.com\/mlc\/wp-content\/uploads\/2020\/07\/kerti-kisasztal-barna-nid-d-hirondelle-detk-194861-h47-00-cm-w43-00-cm-43-00-cm-1-1200x1200-3.jpg\" alt=\"Kerti fonott b\u00fatorok - M\u0171rattan kisasztal\" class=\"wp-image-5200\" srcset=\"https:\/\/butopea.com\/mlc\/wp-content\/uploads\/2020\/07\/kerti-kisasztal-barna-nid-d-hirondelle-detk-194861-h47-00-cm-w43-00-cm-43-00-cm-1-1200x1200-3.jpg 1199w, https:\/\/butopea.com\/mlc\/wp-content\/uploads\/2020\/07\/kerti-kisasztal-barna-nid-d-hirondelle-detk-194861-h47-00-cm-w43-00-cm-43-00-cm-1-1200x1200-3-1024x658.jpg 1024w, https:\/\/butopea.com\/mlc\/wp-content\/uploads\/2020\/07\/kerti-kisasztal-barna-nid-d-hirondelle-detk-194861-h47-00-cm-w43-00-cm-43-00-cm-1-1200x1200-3-768x494.jpg 768w\" sizes=\"auto, (max-width: 1199px) 100vw, 1199px\" \/><\/figure><\/div>\n\n\n\n<h3 class=\"wp-block-heading\">Fonott b\u00fatorok tiszt\u00edt\u00e1sa, karbantart\u00e1sa<\/h3>\n\n\n\n<p class=\"has-text-align-justify\">Hab\u00e1r term\u00e9szetes anyagokr\u00f3l van sz\u00f3, a fa b\u00fatorokkal ellent\u00e9tben a rattan \u00e9s egy\u00e9b rostos, sz\u00f6v\u00f6tt b\u00fatorunkat nem teszi t\u00f6nkre azonnal a v\u00edz, hab\u00e1r \u00f3vatosnak kell lenn\u00fcnk vele. <\/p>\n\n\n\n<p class=\"has-text-align-justify\">Ha k\u00fclt\u00e9ren haszn\u00e1ljuk az adott fonott b\u00fatort, kef\u00e9vel t\u00e1vol\u00edtsuk el r\u00f3la a r\u00e1tapadt port \u00e9s koszt (ez belt\u00e9ri b\u00fator eset\u00e9n nem sz\u00fcks\u00e9ges), majd langyos mos\u00f3szeres v\u00edzzel t\u00f6r\u00f6lgess\u00fck \u00e1t. Ezt k\u00f6vet\u0151en s\u00f3s v\u00edzzel is \u00e1tmehet\u00fcnk rajta m\u00e9gegyszer, de fontos, hogy t\u00f6r\u00f6lj\u00fck sz\u00e1razra (ha nedvesen tessz\u00fck ki a napra, kifakul), \u00e9s ha tehetj\u00fck sz\u00e1r\u00edtsuk meg a napon a letiszt\u00edtott b\u00fatort.<\/p>\n\n\n\n<figure class=\"wp-block-image size-large\"><img loading=\"lazy\" decoding=\"async\" width=\"550\" height=\"550\" src=\"https:\/\/butopea.com\/mlc\/wp-content\/uploads\/2020\/07\/clean-up-water-on-wicker-furniture.jpg\" alt=\"Fonott b\u00fatorok tiszt\u00edt\u00e1sa\" class=\"wp-image-5222\" srcset=\"https:\/\/butopea.com\/mlc\/wp-content\/uploads\/2020\/07\/clean-up-water-on-wicker-furniture.jpg 550w, https:\/\/butopea.com\/mlc\/wp-content\/uploads\/2020\/07\/clean-up-water-on-wicker-furniture-150x150.jpg 150w\" sizes=\"auto, (max-width: 550px) 100vw, 550px\" \/><\/figure>\n\n\n\n<p class=\"has-text-align-justify\">S\u00e9r\u00fclt rattan \u00e9s fonott b\u00fatort ne tiszt\u00edtsunk azonban v\u00edzzel, mert \u00edgy hosszabb t\u00e1von teljesen t\u00f6nkretehetj\u00fck! Ilyen esetben n\u00e9zess\u00fck meg szakemberrel, hiszen a fonott b\u00fatorok nagy el\u0151nye, hogy j\u00f3l jav\u00edthat\u00f3 benn\u00fck 1-1 s\u00e9r\u00fclt sz\u00e1l. <\/p>\n\n\n\n<p>K\u00e9pek forr\u00e1sa: Butop\u00eaa, Pinterest<\/p>\n","protected":false},"excerpt":{"rendered":"<p>A Butop\u00eaa-n\u00e1l sok k\u00fcl\u00f6nb\u00f6z\u0151 anyagot haszn\u00e1lunk b\u00fatoraink elk\u00e9sz\u00edt\u00e9se sor\u00e1n, mely anyagok k\u00f6z\u00fcl n\u00e9melyik j\u00f3l ismert, j\u00f3l bev\u00e1lt \u00e9s klasszikus, m\u00e1sok pedig kev\u00e9ss\u00e9 ismertek, az ut\u00f3bbi \u00e9vtizedek anyagtechnol\u00f3gi\u00e1j\u00e1nak v\u00edvm\u00e1nyai. \u00dagy gondoljuk, a megfelel\u0151 d\u00f6nt\u00e9shez fontos, hogy mindenki megismerje a b\u00fatorait fel\u00e9p\u00edt\u0151 anyagokat, \u00edgy cikksorozatot ind\u00edtottunk az \u00e1ltalunk haszn\u00e1lt anyagt\u00edpusok bemutat\u00e1s\u00e1ra. \u00d6t\u00f6dik cikk\u00fcnkben a term\u00e9szetes anyag\u00fa \u00e9s &#8230;<\/p>\n","protected":false},"author":9,"featured_media":5230,"comment_status":"open","ping_status":"open","sticky":false,"template":"","format":"standard","meta":{"footnotes":""},"categories":[204],"tags":[257,252,251,253,256,250,258,249,255,254],"class_list":["post-5130","post","type-post","status-publish","format-standard","has-post-thumbnail","hentry","category-anyagok-es-butoripari-megoldasok","tag-bambusz","tag-fonott-butor","tag-gyekeny","tag-juta","tag-kokuszrost","tag-murattan","tag-nad","tag-rattan","tag-tengerifu","tag-vizijacint"],"yoast_head":"<!-- This site is optimized with the Yoast SEO plugin v27.5 - https:\/\/yoast.com\/product\/yoast-seo-wordpress\/ -->\n<title>Fonott b\u00fatorok \u00e9s dekor\u00e1ci\u00f3k - My Little Corner by Butop\u00eaa<\/title>\n<meta name=\"description\" content=\"A fonott b\u00fatorok t\u00f6bb\u00e9 nem csak az etno st\u00edlus saj\u00e1tjai, \u00e9s nem mer\u00fclnek ki csup\u00e1n a rattanban. Mi k\u00e9sz\u00fcl a ban\u00e1nlev\u00e9lb\u0151l, k\u00f3kuszrostb\u00f3l \u00e9s a v\u00edzij\u00e1cintb\u00f3l?\" \/>\n<meta name=\"robots\" content=\"index, follow, max-snippet:-1, max-image-preview:large, max-video-preview:-1\" \/>\n<link rel=\"canonical\" href=\"https:\/\/butopea.com\/mlc\/anyagok-es-kulonleges-butoripari-megoldasok-fonott-butorok-es-dekoraciok\/\" \/>\n<meta property=\"og:locale\" content=\"hu_HU\" \/>\n<meta property=\"og:type\" content=\"article\" \/>\n<meta property=\"og:title\" content=\"Fonott b\u00fatorok \u00e9s dekor\u00e1ci\u00f3k - My Little Corner by Butop\u00eaa\" \/>\n<meta property=\"og:description\" content=\"A fonott b\u00fatorok t\u00f6bb\u00e9 nem csak az etno st\u00edlus saj\u00e1tjai, \u00e9s nem mer\u00fclnek ki csup\u00e1n a rattanban. Mi k\u00e9sz\u00fcl a ban\u00e1nlev\u00e9lb\u0151l, k\u00f3kuszrostb\u00f3l \u00e9s a v\u00edzij\u00e1cintb\u00f3l?\" \/>\n<meta property=\"og:url\" content=\"https:\/\/butopea.com\/mlc\/anyagok-es-kulonleges-butoripari-megoldasok-fonott-butorok-es-dekoraciok\/\" \/>\n<meta property=\"og:site_name\" content=\"My Little Corner by Butop\u00eaa\" \/>\n<meta property=\"article:publisher\" content=\"https:\/\/www.facebook.com\/butopeacom\" \/>\n<meta property=\"article:published_time\" content=\"2020-07-24T14:00:12+00:00\" \/>\n<meta property=\"og:image\" content=\"https:\/\/butopea.com\/mlc\/wp-content\/uploads\/2020\/07\/a.jpg\" \/>\n\t<meta property=\"og:image:width\" content=\"1200\" \/>\n\t<meta property=\"og:image:height\" content=\"1200\" \/>\n\t<meta property=\"og:image:type\" content=\"image\/jpeg\" \/>\n<meta name=\"author\" content=\"Csorba M\u00f3r\" \/>\n<meta name=\"twitter:card\" content=\"summary_large_image\" \/>\n<meta name=\"twitter:creator\" content=\"@butopea\" \/>\n<meta name=\"twitter:site\" content=\"@butopea\" \/>\n<meta name=\"twitter:label1\" content=\"Szerz\u0151:\" \/>\n\t<meta name=\"twitter:data1\" content=\"Csorba M\u00f3r\" \/>\n\t<meta name=\"twitter:label2\" content=\"Becs\u00fclt olvas\u00e1si id\u0151\" \/>\n\t<meta name=\"twitter:data2\" content=\"8 perc\" \/>\n<!-- \/ Yoast SEO plugin. -->","yoast_head_json":{"title":"Fonott b\u00fatorok \u00e9s dekor\u00e1ci\u00f3k - My Little Corner by Butop\u00eaa","description":"A fonott b\u00fatorok t\u00f6bb\u00e9 nem csak az etno st\u00edlus saj\u00e1tjai, \u00e9s nem mer\u00fclnek ki csup\u00e1n a rattanban. Mi k\u00e9sz\u00fcl a ban\u00e1nlev\u00e9lb\u0151l, k\u00f3kuszrostb\u00f3l \u00e9s a v\u00edzij\u00e1cintb\u00f3l?","robots":{"index":"index","follow":"follow","max-snippet":"max-snippet:-1","max-image-preview":"max-image-preview:large","max-video-preview":"max-video-preview:-1"},"canonical":"https:\/\/butopea.com\/mlc\/anyagok-es-kulonleges-butoripari-megoldasok-fonott-butorok-es-dekoraciok\/","og_locale":"hu_HU","og_type":"article","og_title":"Fonott b\u00fatorok \u00e9s dekor\u00e1ci\u00f3k - My Little Corner by Butop\u00eaa","og_description":"A fonott b\u00fatorok t\u00f6bb\u00e9 nem csak az etno st\u00edlus saj\u00e1tjai, \u00e9s nem mer\u00fclnek ki csup\u00e1n a rattanban. Mi k\u00e9sz\u00fcl a ban\u00e1nlev\u00e9lb\u0151l, k\u00f3kuszrostb\u00f3l \u00e9s a v\u00edzij\u00e1cintb\u00f3l?","og_url":"https:\/\/butopea.com\/mlc\/anyagok-es-kulonleges-butoripari-megoldasok-fonott-butorok-es-dekoraciok\/","og_site_name":"My Little Corner by Butop\u00eaa","article_publisher":"https:\/\/www.facebook.com\/butopeacom","article_published_time":"2020-07-24T14:00:12+00:00","og_image":[{"width":1200,"height":1200,"url":"https:\/\/butopea.com\/mlc\/wp-content\/uploads\/2020\/07\/a.jpg","type":"image\/jpeg"}],"author":"Csorba M\u00f3r","twitter_card":"summary_large_image","twitter_creator":"@butopea","twitter_site":"@butopea","twitter_misc":{"Szerz\u0151:":"Csorba M\u00f3r","Becs\u00fclt olvas\u00e1si id\u0151":"8 perc"},"schema":{"@context":"https:\/\/schema.org","@graph":[{"@type":"Article","@id":"https:\/\/butopea.com\/mlc\/anyagok-es-kulonleges-butoripari-megoldasok-fonott-butorok-es-dekoraciok\/#article","isPartOf":{"@id":"https:\/\/butopea.com\/mlc\/anyagok-es-kulonleges-butoripari-megoldasok-fonott-butorok-es-dekoraciok\/"},"author":{"name":"Csorba M\u00f3r","@id":"https:\/\/butopea.com\/mlc\/#\/schema\/person\/93aa4feb8653bb64d58dcaa3524e95c4"},"headline":"Anyagok \u00e9s k\u00fcl\u00f6nleges b\u00fatoripari megold\u00e1sok &#8211; Fonott b\u00fatorok \u00e9s dekor\u00e1ci\u00f3k","datePublished":"2020-07-24T14:00:12+00:00","mainEntityOfPage":{"@id":"https:\/\/butopea.com\/mlc\/anyagok-es-kulonleges-butoripari-megoldasok-fonott-butorok-es-dekoraciok\/"},"wordCount":1663,"commentCount":0,"publisher":{"@id":"https:\/\/butopea.com\/mlc\/#organization"},"image":{"@id":"https:\/\/butopea.com\/mlc\/anyagok-es-kulonleges-butoripari-megoldasok-fonott-butorok-es-dekoraciok\/#primaryimage"},"thumbnailUrl":"https:\/\/butopea.com\/mlc\/wp-content\/uploads\/2020\/07\/a.jpg","keywords":["bambusz","fonott b\u00fator","gy\u00e9k\u00e9ny","juta","K\u00f3kuszrost","m\u0171rattan","n\u00e1d","rattan","tengerif\u0171","v\u00edzij\u00e1cint"],"articleSection":["Anyagok, \u00e9s b\u00fatoripari megold\u00e1sok"],"inLanguage":"hu","potentialAction":[{"@type":"CommentAction","name":"Comment","target":["https:\/\/butopea.com\/mlc\/anyagok-es-kulonleges-butoripari-megoldasok-fonott-butorok-es-dekoraciok\/#respond"]}]},{"@type":"WebPage","@id":"https:\/\/butopea.com\/mlc\/anyagok-es-kulonleges-butoripari-megoldasok-fonott-butorok-es-dekoraciok\/","url":"https:\/\/butopea.com\/mlc\/anyagok-es-kulonleges-butoripari-megoldasok-fonott-butorok-es-dekoraciok\/","name":"Fonott b\u00fatorok \u00e9s dekor\u00e1ci\u00f3k - My Little Corner by Butop\u00eaa","isPartOf":{"@id":"https:\/\/butopea.com\/mlc\/#website"},"primaryImageOfPage":{"@id":"https:\/\/butopea.com\/mlc\/anyagok-es-kulonleges-butoripari-megoldasok-fonott-butorok-es-dekoraciok\/#primaryimage"},"image":{"@id":"https:\/\/butopea.com\/mlc\/anyagok-es-kulonleges-butoripari-megoldasok-fonott-butorok-es-dekoraciok\/#primaryimage"},"thumbnailUrl":"https:\/\/butopea.com\/mlc\/wp-content\/uploads\/2020\/07\/a.jpg","datePublished":"2020-07-24T14:00:12+00:00","description":"A fonott b\u00fatorok t\u00f6bb\u00e9 nem csak az etno st\u00edlus saj\u00e1tjai, \u00e9s nem mer\u00fclnek ki csup\u00e1n a rattanban. Mi k\u00e9sz\u00fcl a ban\u00e1nlev\u00e9lb\u0151l, k\u00f3kuszrostb\u00f3l \u00e9s a v\u00edzij\u00e1cintb\u00f3l?","breadcrumb":{"@id":"https:\/\/butopea.com\/mlc\/anyagok-es-kulonleges-butoripari-megoldasok-fonott-butorok-es-dekoraciok\/#breadcrumb"},"inLanguage":"hu","potentialAction":[{"@type":"ReadAction","target":["https:\/\/butopea.com\/mlc\/anyagok-es-kulonleges-butoripari-megoldasok-fonott-butorok-es-dekoraciok\/"]}]},{"@type":"ImageObject","inLanguage":"hu","@id":"https:\/\/butopea.com\/mlc\/anyagok-es-kulonleges-butoripari-megoldasok-fonott-butorok-es-dekoraciok\/#primaryimage","url":"https:\/\/butopea.com\/mlc\/wp-content\/uploads\/2020\/07\/a.jpg","contentUrl":"https:\/\/butopea.com\/mlc\/wp-content\/uploads\/2020\/07\/a.jpg","width":1200,"height":1200,"caption":"Fonott b\u00fatorok bor\u00edt\u00f3k\u00e9p"},{"@type":"BreadcrumbList","@id":"https:\/\/butopea.com\/mlc\/anyagok-es-kulonleges-butoripari-megoldasok-fonott-butorok-es-dekoraciok\/#breadcrumb","itemListElement":[{"@type":"ListItem","position":1,"name":"Home","item":"https:\/\/butopea.com\/mlc\/"},{"@type":"ListItem","position":2,"name":"Anyagok \u00e9s k\u00fcl\u00f6nleges b\u00fatoripari megold\u00e1sok &#8211; Fonott b\u00fatorok \u00e9s dekor\u00e1ci\u00f3k"}]},{"@type":"WebSite","@id":"https:\/\/butopea.com\/mlc\/#website","url":"https:\/\/butopea.com\/mlc\/","name":"My Little Corner by Butop\u00eaa","description":"Awaken your creativity","publisher":{"@id":"https:\/\/butopea.com\/mlc\/#organization"},"potentialAction":[{"@type":"SearchAction","target":{"@type":"EntryPoint","urlTemplate":"https:\/\/butopea.com\/mlc\/?s={search_term_string}"},"query-input":{"@type":"PropertyValueSpecification","valueRequired":true,"valueName":"search_term_string"}}],"inLanguage":"hu"},{"@type":"Organization","@id":"https:\/\/butopea.com\/mlc\/#organization","name":"Butop\u00eaa.com","url":"https:\/\/butopea.com\/mlc\/","logo":{"@type":"ImageObject","inLanguage":"hu","@id":"https:\/\/butopea.com\/mlc\/#\/schema\/logo\/image\/","url":"https:\/\/butopea.com\/mlc\/wp-content\/uploads\/2018\/02\/my-little-corner-by-butopea-logo.png","contentUrl":"https:\/\/butopea.com\/mlc\/wp-content\/uploads\/2018\/02\/my-little-corner-by-butopea-logo.png","width":176,"height":35,"caption":"Butop\u00eaa.com"},"image":{"@id":"https:\/\/butopea.com\/mlc\/#\/schema\/logo\/image\/"},"sameAs":["https:\/\/www.facebook.com\/butopeacom","https:\/\/x.com\/butopea","https:\/\/www.instagram.com\/butopea","https:\/\/pinterest.com\/butopea\/"]},{"@type":"Person","@id":"https:\/\/butopea.com\/mlc\/#\/schema\/person\/93aa4feb8653bb64d58dcaa3524e95c4","name":"Csorba M\u00f3r","image":{"@type":"ImageObject","inLanguage":"hu","@id":"https:\/\/secure.gravatar.com\/avatar\/2298060d40b9476155788bf4c170424506a93e99c7cbafb147e096c1ec0bc0fc?s=96&d=monsterid&r=g","url":"https:\/\/secure.gravatar.com\/avatar\/2298060d40b9476155788bf4c170424506a93e99c7cbafb147e096c1ec0bc0fc?s=96&d=monsterid&r=g","contentUrl":"https:\/\/secure.gravatar.com\/avatar\/2298060d40b9476155788bf4c170424506a93e99c7cbafb147e096c1ec0bc0fc?s=96&d=monsterid&r=g","caption":"Csorba M\u00f3r"},"description":"Kor\u00e1n r\u00e1j\u00f6ttem, hogy a mindennapi dolgokban val\u00f3 gy\u00f6ny\u00f6rk\u00f6d\u00e9st nem szabad megtagadnunk magunkt\u00f3l, \u00edgy tizen\u00e9ves korom \u00f3ta \u00e9letem szerves r\u00e9sz\u00e9t k\u00e9pezi a zene \u00e9s a tudom\u00e1ny. Mindig \u00fagy \u00e9reztem, hogy a kisz\u00e1m\u00edthatatlan m\u0171v\u00e9szi alkot\u00e1sok \u00e9s a j\u00f3l bev\u00e1lt \u00edzl\u00e9ses letisztults\u00e1g egyar\u00e1nt \u00e9rt\u00e9ket hordoznak, \u00e9s ezeket mindig \u00e9rdemes lesz hajszolni, legyen sz\u00f3 m\u0171v\u00e9szetekr\u0151l, \u00edr\u00e1sr\u00f3l vagy lakberendez\u00e9sr\u0151l. Hiszem, hogy kreat\u00edv v\u00e1laszt\u00e1saink r\u00e9v\u00e9n v\u00e1lunk t\u00f6bb\u00e9, mint amik tegnap voltunk.","url":"https:\/\/butopea.com\/mlc\/author\/csorba-mor\/"}]}},"_links":{"self":[{"href":"https:\/\/butopea.com\/mlc\/wp-json\/wp\/v2\/posts\/5130","targetHints":{"allow":["GET"]}}],"collection":[{"href":"https:\/\/butopea.com\/mlc\/wp-json\/wp\/v2\/posts"}],"about":[{"href":"https:\/\/butopea.com\/mlc\/wp-json\/wp\/v2\/types\/post"}],"author":[{"embeddable":true,"href":"https:\/\/butopea.com\/mlc\/wp-json\/wp\/v2\/users\/9"}],"replies":[{"embeddable":true,"href":"https:\/\/butopea.com\/mlc\/wp-json\/wp\/v2\/comments?post=5130"}],"version-history":[{"count":73,"href":"https:\/\/butopea.com\/mlc\/wp-json\/wp\/v2\/posts\/5130\/revisions"}],"predecessor-version":[{"id":5926,"href":"https:\/\/butopea.com\/mlc\/wp-json\/wp\/v2\/posts\/5130\/revisions\/5926"}],"wp:featuredmedia":[{"embeddable":true,"href":"https:\/\/butopea.com\/mlc\/wp-json\/wp\/v2\/media\/5230"}],"wp:attachment":[{"href":"https:\/\/butopea.com\/mlc\/wp-json\/wp\/v2\/media?parent=5130"}],"wp:term":[{"taxonomy":"category","embeddable":true,"href":"https:\/\/butopea.com\/mlc\/wp-json\/wp\/v2\/categories?post=5130"},{"taxonomy":"post_tag","embeddable":true,"href":"https:\/\/butopea.com\/mlc\/wp-json\/wp\/v2\/tags?post=5130"}],"curies":[{"name":"wp","href":"https:\/\/api.w.org\/{rel}","templated":true}]}}