{"id":4938,"date":"2020-07-17T16:00:39","date_gmt":"2020-07-17T14:00:39","guid":{"rendered":"https:\/\/butopea.com\/mlc\/?p=4938"},"modified":"2020-07-17T12:44:19","modified_gmt":"2020-07-17T10:44:19","slug":"interju-cseke-viktoriaval-megfizetheto-alberlet-premium-kontosben","status":"publish","type":"post","link":"https:\/\/butopea.com\/mlc\/interju-cseke-viktoriaval-megfizetheto-alberlet-premium-kontosben\/","title":{"rendered":"Interj\u00fa Cseke Vikt\u00f3ri\u00e1val &#8211; Megfizethet\u0151 alb\u00e9rlet pr\u00e9mium k\u00f6nt\u00f6sben"},"content":{"rendered":"\n<p class=\"has-text-align-justify\">Hisz\u00fcnk abban, hogy a kreativit\u00e1s \u00e9s az \u00f6tletess\u00e9g mindannyiunkban megvan, csak felsz\u00ednre kell hozni azt! Pontosan ez\u00e9rt d\u00f6nt\u00f6tt\u00fcnk \u00fagy, hogy inspir\u00e1ci\u00f3k\u00e9pp bemutatjuk nektek a mai magyar otthonteremt\u00e9s legkreat\u00edvabb szerepl\u0151it! Negyedik interj\u00fankban&nbsp;Cseke Vikt\u00f3ri\u00e1val, a <a href=\"http:\/\/www.flatco.hu\">FLATCO<\/a> profi lakberendez\u0151j\u00e9vel besz\u00e9lget\u00fcnk. Viki mes\u00e9l nek\u00fcnk munk\u00e1ja \u00f6r\u00f6meir\u0151l \u00e9s kih\u00edv\u00e1sair\u00f3l, valamint arr\u00f3l, hogyan lehet egy megfizethet\u0151 alb\u00e9rlet egy igazi otthonos pr\u00e9mium st\u00fadi\u00f3lak\u00e1s egyben.<\/p>\n\n\n\n<h2 class=\"wp-block-heading\">Hadd mutassuk be nektek r\u00f6viden Vikit!<\/h2>\n\n\n\n<p class=\"has-text-align-justify\">Vikit gyerekkora \u00f3ta k\u00f6r\u00fclveszi az \u00e9p\u00edt\u00e9szet, eg\u00e9sz csal\u00e1dja az \u00e9p\u00edt\u0151iparban tev\u00e9kenykedett, \u00edgy a kezdekt\u0151l er\u0151s impulzusok \u00e9rt\u00e9k, elker\u00fclhetetlen volt, hogy kialakuljon st\u00edlus\u00e9rz\u00e9ke. \u00c9p\u00edt\u00e9szeti szakk\u00f6z\u00e9piskol\u00e1ban v\u00e9gzett, ahol r\u00e1d\u00f6bbent, hogy nem felt\u00e9tlen\u00fcl a csal\u00e1d \u00e1ltal m\u00e1r kij\u00e1rt \u00f6sv\u00e9nyt szeretn\u00e9 k\u00f6vetni, ink\u00e1bb a lakberendez\u00e9s fel\u00e9 h\u00fazott a sz\u00edve. <\/p>\n\n\n\n<div class=\"wp-block-image\"><figure class=\"aligncenter size-large\"><img loading=\"lazy\" decoding=\"async\" width=\"1620\" height=\"1080\" src=\"https:\/\/butopea.com\/mlc\/wp-content\/uploads\/2020\/07\/FLTCO20200521_0226-1620x1080.jpg\" alt=\"Megfizethet\u0151 alb\u00e9rlet nappali\" class=\"wp-image-5048\" srcset=\"https:\/\/butopea.com\/mlc\/wp-content\/uploads\/2020\/07\/FLTCO20200521_0226-1620x1080.jpg 1620w, https:\/\/butopea.com\/mlc\/wp-content\/uploads\/2020\/07\/FLTCO20200521_0226-1024x683.jpg 1024w, https:\/\/butopea.com\/mlc\/wp-content\/uploads\/2020\/07\/FLTCO20200521_0226-768x512.jpg 768w, https:\/\/butopea.com\/mlc\/wp-content\/uploads\/2020\/07\/FLTCO20200521_0226-1536x1024.jpg 1536w, https:\/\/butopea.com\/mlc\/wp-content\/uploads\/2020\/07\/FLTCO20200521_0226-2048x1365.jpg 2048w\" sizes=\"auto, (max-width: 1620px) 100vw, 1620px\" \/><\/figure><\/div>\n\n\n\n<p class=\"has-text-align-justify\">A lakberendez\u0151i k\u00e9pz\u00e9s befejez\u00e9s\u00e9t k\u00f6vet\u0151en a rangl\u00e9tr\u00e1t bej\u00e1rva el\u0151bb asszisztensk\u00e9nt, majd lakberendez\u0151k\u00e9nt dolgozott, imm\u00e1ron h\u00e1rom \u00e9v tapasztalat, \u00e9s rengeteg sz\u00e9pp\u00e9 var\u00e1zsolt lak\u00e1s \u00e1ll m\u00f6g\u00f6tte. Jelenleg komoly felel\u0151ss\u00e9gk\u00f6rrel, a FLATCO kiad\u00e1sra bocs\u00e1jtott lak\u00e1sait szabja ig\u00e9ny szerint otthonos csal\u00e1di kuck\u00f3v\u00e1, vagy \u00e9pp modern st\u00fadi\u00f3lak\u00e1ss\u00e1. A FLATCO-n\u00e1l egy megfizethet\u0151 alb\u00e9rlet egyenl\u0151 egy csod\u00e1san berendezett lak\u00e1ssal, k\u00f6sz\u00f6nhet\u0151en Vikinek.<\/p>\n\n\n\n<p class=\"has-text-align-justify\">Viki kifejezetten szereti a szakma probl\u00e9m\u00e1s helyzeteit, a lakberendez\u00e9s kreat\u00edv folyamat\u00e1t: amikor fejben elk\u00e9sz\u00fcl a terv, azt\u00e1n n\u00e9h\u00e1ny h\u00f3nappal k\u00e9s\u0151bb a r\u00e9szletek \u00f6ssze\u00e1llnak \u00e9s a terv val\u00f3s\u00e1gg\u00e1 v\u00e1lik. Mivel h\u00f3napokig csak az \u0151 fant\u00e1zi\u00e1j\u00e1ban \u00e9l 1-1 projekt, \u00edgy nagy \u00f6r\u00f6mmel t\u00f6lti el az, mikor f\u0151n\u00f6ke, vagy a megrendel\u0151k arc\u00e1n el\u00e9gedetts\u00e9get l\u00e1t.<\/p>\n\n\n\n<div class=\"wp-block-image\"><figure class=\"aligncenter size-large\"><img loading=\"lazy\" decoding=\"async\" width=\"1620\" height=\"1080\" src=\"https:\/\/butopea.com\/mlc\/wp-content\/uploads\/2020\/07\/FLTCO20200521_0117-1-1620x1080.jpg\" alt=\"Flatco megfizethet\u0151 alb\u00e9rlet\" class=\"wp-image-5101\" srcset=\"https:\/\/butopea.com\/mlc\/wp-content\/uploads\/2020\/07\/FLTCO20200521_0117-1-1620x1080.jpg 1620w, https:\/\/butopea.com\/mlc\/wp-content\/uploads\/2020\/07\/FLTCO20200521_0117-1-1024x683.jpg 1024w, https:\/\/butopea.com\/mlc\/wp-content\/uploads\/2020\/07\/FLTCO20200521_0117-1-768x512.jpg 768w, https:\/\/butopea.com\/mlc\/wp-content\/uploads\/2020\/07\/FLTCO20200521_0117-1-1536x1024.jpg 1536w, https:\/\/butopea.com\/mlc\/wp-content\/uploads\/2020\/07\/FLTCO20200521_0117-1-2048x1365.jpg 2048w\" sizes=\"auto, (max-width: 1620px) 100vw, 1620px\" \/><\/figure><\/div>\n\n\n\n<h2 class=\"has-text-align-center wp-block-heading\">Interj\u00fank Cseke Vikt\u00f3ri\u00e1val, a FLATCO lakberendez\u0151j\u00e9vel<\/h2>\n\n\n\n<h4 class=\"wp-block-heading\"><strong>Csorba M\u00f3r.: Igyekszel belevinni az aktu\u00e1lis trendeket a lak\u00e1sokba?<\/strong><\/h4>\n\n\n\n<p class=\"has-text-align-justify\"><strong>Cseke Vikt\u00f3ria.:<\/strong>&nbsp;Egyr\u00e9szt igen, m\u00e1sr\u00e9szt nem. Mivel ezek \u00faj \u00e9p\u00edt\u00e9s\u0171 lak\u00e1sok, \u00edgy nem minden trend \u00e9s st\u00edlus haszn\u00e1lhat\u00f3 benn\u00fck. P\u00e9ld\u00e1ul a rendk\u00edv\u00fcl n\u00e9pszer\u0171, romkocsm\u00e1kban l\u00e1that\u00f3 vintage st\u00edlus sokaknak tetszik, viszont egy csal\u00e1dias, otthonos \u00faj \u00e9p\u00edt\u00e9s\u0171 lak\u00e1sban ez nem n\u00e9zne ki j\u00f3l.<\/p>\n\n\n\n<div class=\"wp-block-image\"><figure class=\"aligncenter size-large\"><img loading=\"lazy\" decoding=\"async\" width=\"720\" height=\"1080\" src=\"https:\/\/butopea.com\/mlc\/wp-content\/uploads\/2020\/07\/FLTCO20200521_0022-720x1080.jpg\" alt=\"Megfizethet\u0151 alb\u00e9rlet - Flatco\" class=\"wp-image-5089\" srcset=\"https:\/\/butopea.com\/mlc\/wp-content\/uploads\/2020\/07\/FLTCO20200521_0022-720x1080.jpg 720w, https:\/\/butopea.com\/mlc\/wp-content\/uploads\/2020\/07\/FLTCO20200521_0022-512x768.jpg 512w, https:\/\/butopea.com\/mlc\/wp-content\/uploads\/2020\/07\/FLTCO20200521_0022-768x1152.jpg 768w, https:\/\/butopea.com\/mlc\/wp-content\/uploads\/2020\/07\/FLTCO20200521_0022-1024x1536.jpg 1024w, https:\/\/butopea.com\/mlc\/wp-content\/uploads\/2020\/07\/FLTCO20200521_0022-1365x2048.jpg 1365w\" sizes=\"auto, (max-width: 720px) 100vw, 720px\" \/><\/figure><\/div>\n\n\n\n<p class=\"has-text-align-justify\">Viszont amilyen trendeknek szeretn\u00e9k megfelelni, \u00e9s amelyekr\u0151l \u00fagy \u00e9rzem, hogy ir\u00e1nyukba tend\u00e1l a vil\u00e1gban a lakberendez\u00e9s, azokat igyekszem be\u00e9p\u00edteni. P\u00e9ld\u00e1ul egys\u00e9ges terek l\u00e9trehoz\u00e1s\u00e1t hasonl\u00f3 sz\u00ednek, hasonl\u00f3 anyagok haszn\u00e1lat\u00e1val rendk\u00edv\u00fcl fontosnak \u00e9s aktu\u00e1lisnak tartom, hiszen ezek tehetnek igaz\u00e1n bar\u00e1ts\u00e1goss\u00e1 \u00e9s modernn\u00e9 egy lak\u00e1st.<\/p>\n\n\n\n<h4 class=\"wp-block-heading\"><strong>Cs.M.: Milyen f\u0151 neh\u00e9zs\u00e9gekkel tal\u00e1lkozol egy-egy projekt kapcs\u00e1n? <\/strong><\/h4>\n\n\n\n<p class=\"has-text-align-justify\"><strong>Cs.V.: <\/strong>A FLATCO-n\u00e1l t\u00f6bbnyire m\u00e1r k\u00e9sz \u00faj \u00e9p\u00edt\u00e9s\u0171 lak\u00e1sokat rendez\u00fcnk be, ritk\u00e1n van olyan, hogy egy lak\u00e1st teljesen \u00e1t kell alak\u00edtani, sz\u00f3val a megl\u00e9v\u0151 \u00e9p\u00fcletszerkezettel kell dolgoznom. <\/p>\n\n\n\n<div class=\"wp-block-image\"><figure class=\"aligncenter size-large\"><img loading=\"lazy\" decoding=\"async\" width=\"1620\" height=\"1080\" src=\"https:\/\/butopea.com\/mlc\/wp-content\/uploads\/2020\/07\/FLTCO20200521_0052-1620x1080.jpg\" alt=\"Nappali Flatco\" class=\"wp-image-5091\" srcset=\"https:\/\/butopea.com\/mlc\/wp-content\/uploads\/2020\/07\/FLTCO20200521_0052-1620x1080.jpg 1620w, https:\/\/butopea.com\/mlc\/wp-content\/uploads\/2020\/07\/FLTCO20200521_0052-1024x683.jpg 1024w, https:\/\/butopea.com\/mlc\/wp-content\/uploads\/2020\/07\/FLTCO20200521_0052-768x512.jpg 768w, https:\/\/butopea.com\/mlc\/wp-content\/uploads\/2020\/07\/FLTCO20200521_0052-1536x1024.jpg 1536w, https:\/\/butopea.com\/mlc\/wp-content\/uploads\/2020\/07\/FLTCO20200521_0052-2048x1365.jpg 2048w\" sizes=\"auto, (max-width: 1620px) 100vw, 1620px\" \/><\/figure><\/div>\n\n\n\n<p class=\"has-text-align-justify\">El\u0151fordul, hogy itt van egy ki\u00e1ll\u00e1s, vagy amott van egy gipszkarton fal, ami kereszt\u00fclh\u00fazza a terveimet, ilyenkor ezeket is bele kell \u00e9p\u00edteni az \u00f6sszk\u00e9pbe \u00fagy, hogy m\u00e9gis egy \u00edzl\u00e9ses v\u00e9geredm\u00e9nyt kapjunk. <\/p>\n\n\n\n<p class=\"has-text-align-justify\">Az ilyesmi sokszor okoz fejt\u00f6r\u00e9st, de ha rutint szerez az ember, onnant\u00f3l m\u00e1r k\u00f6nnyen veszi az ilyen akad\u00e1lyokat is.<\/p>\n\n\n\n<h4 class=\"wp-block-heading\"><strong>Cs.M.: Egy projektn\u00e9l mennyire kapsz szabad kezet, mennyire tudod belevinni a saj\u00e1t st\u00edlusod? <\/strong><\/h4>\n\n\n\n<p class=\"has-text-align-justify\"><strong>Cs.V.:<\/strong> Nyilv\u00e1n azt nem mondhatom, hogy teljesen az \u00e9n \u00edzl\u00e9semre van b\u00edzva, mert rengeteg szempontot kell figyelembe venni egy lak\u00e1sn\u00e1l.<\/p>\n\n\n\n<p class=\"has-text-align-justify\">Legink\u00e1bb az a fontos, hogy ne menjen el egy ir\u00e1nyba az \u00f6sszes lak\u00e1s st\u00edlusa. Az a c\u00e9lunk, hogy ne csak egy r\u00e9teget, egy \u00edzl\u00e9svil\u00e1got c\u00e9lozzunk be, hanem st\u00edlusok egy sz\u00e9les palett\u00e1j\u00e1t biztos\u00edtsuk a k\u00e9s\u0151bbi b\u00e9rl\u0151knek, amib\u0151l kiv\u00e1laszthatj\u00e1k a kedv\u00fckre val\u00f3 lak\u00e1st. <\/p>\n\n\n\n<div class=\"wp-block-image\"><figure class=\"aligncenter size-large\"><img loading=\"lazy\" decoding=\"async\" width=\"1620\" height=\"1080\" src=\"https:\/\/butopea.com\/mlc\/wp-content\/uploads\/2020\/07\/FLTCO20200521_0103-1620x1080.jpg\" alt=\"Megfizethet\u0151 alb\u00e9rlet\" class=\"wp-image-5098\" srcset=\"https:\/\/butopea.com\/mlc\/wp-content\/uploads\/2020\/07\/FLTCO20200521_0103-1620x1080.jpg 1620w, https:\/\/butopea.com\/mlc\/wp-content\/uploads\/2020\/07\/FLTCO20200521_0103-1024x683.jpg 1024w, https:\/\/butopea.com\/mlc\/wp-content\/uploads\/2020\/07\/FLTCO20200521_0103-768x512.jpg 768w, https:\/\/butopea.com\/mlc\/wp-content\/uploads\/2020\/07\/FLTCO20200521_0103-1536x1024.jpg 1536w, https:\/\/butopea.com\/mlc\/wp-content\/uploads\/2020\/07\/FLTCO20200521_0103-2048x1365.jpg 2048w\" sizes=\"auto, (max-width: 1620px) 100vw, 1620px\" \/><\/figure><\/div>\n\n\n\n<p class=\"has-text-align-justify\">Teh\u00e1t fontos, hogy minden lak\u00e1s bar\u00e1ts\u00e1gos, otthonos, k\u00e9nyelmes \u00e9s megfizethet\u0151 alb\u00e9rlet legyen, azonban egy adott fok\u00fa semlegess\u00e9g is sz\u00fcks\u00e9ges, nehogy t\u00falzottan feminin, vagy \u00e9pp maszkulin legyen a v\u00e9geredm\u00e9ny. <\/p>\n\n\n\n<p class=\"has-text-align-justify\">Mindemellett persze a saj\u00e1t st\u00edlusom is benn\u00fck van bizonyos m\u00e9rt\u00e9kben, a f\u0151n\u00f6keim nem igaz\u00e1n sz\u00f3lnak bele a d\u00f6nt\u00e9seimbe, prezent\u00e1lom az \u00f6tleteim, \u00e9s t\u00f6bbnyire r\u00e1b\u00f3lintanak<\/p>\n\n\n\n<h4 class=\"wp-block-heading\"><strong>Cs.M.: Egy lak\u00e1s berendez\u00e9se, a st\u00edlus kiv\u00e1laszt\u00e1sa sor\u00e1n mi mindent veszel figyelembe?<\/strong><\/h4>\n\n\n\n<p class=\"has-text-align-justify\"><strong>Cs.V.: <\/strong>Nagyon sok mindent, fontos p\u00e9ld\u00e1ul, hogy az adott lak\u00e1s hol helyezkedik el, melyik ker\u00fcletben, milyen k\u00f6rny\u00e9ken. <\/p>\n\n\n\n<p class=\"has-text-align-justify\">A X. ker\u00fcleti t\u00e1rsash\u00e1zi lak\u00e1sokn\u00e1l p\u00e9ld\u00e1ul a csal\u00e1diass\u00e1g \u00e9s az otthonoss\u00e1g el\u00e9r\u00e9se a c\u00e9l a berendez\u00e9s sor\u00e1n, m\u00edg az \u00fajpesti panor\u00e1ma projektn\u00e9l ink\u00e1bb a modern luxus \u00e9rzet\u00e9t igyeksz\u00fcnk megteremteni. <\/p>\n\n\n\n<div class=\"wp-block-image\"><figure class=\"aligncenter size-large\"><img loading=\"lazy\" decoding=\"async\" width=\"1620\" height=\"1080\" src=\"https:\/\/butopea.com\/mlc\/wp-content\/uploads\/2020\/07\/FLTCO20200521_0054-1620x1080.jpg\" alt=\"Premium alb\u00e9rlet - Flatco\" class=\"wp-image-5093\" srcset=\"https:\/\/butopea.com\/mlc\/wp-content\/uploads\/2020\/07\/FLTCO20200521_0054-1620x1080.jpg 1620w, https:\/\/butopea.com\/mlc\/wp-content\/uploads\/2020\/07\/FLTCO20200521_0054-1024x683.jpg 1024w, https:\/\/butopea.com\/mlc\/wp-content\/uploads\/2020\/07\/FLTCO20200521_0054-768x512.jpg 768w, https:\/\/butopea.com\/mlc\/wp-content\/uploads\/2020\/07\/FLTCO20200521_0054-1536x1024.jpg 1536w, https:\/\/butopea.com\/mlc\/wp-content\/uploads\/2020\/07\/FLTCO20200521_0054-2048x1365.jpg 2048w\" sizes=\"auto, (max-width: 1620px) 100vw, 1620px\" \/><\/figure><\/div>\n\n\n\n<p class=\"has-text-align-justify\">\u00c9rtelemszer\u0171en fontos tov\u00e1bb\u00e1, hogy milyen m\u00e9ret\u0171 lak\u00e1sr\u00f3l van sz\u00f3, hiszen m\u00e1s-m\u00e1s szeml\u00e9let sz\u00fcks\u00e9geltetik egy kicsi \u00e9s egy nagy lak\u00e1sn\u00e1l, \u00e9s persze az is l\u00e9nyeges, hogy a v\u00e1lasztott b\u00fatorok min\u0151s\u00e9giek, tart\u00f3sak legyenek. <\/p>\n\n\n\n<h4 class=\"wp-block-heading\"><strong>Cs.M.: Mi a k\u00fcl\u00f6nbs\u00e9g egy kis lak\u00e1s \u00e9s egy nagy alapter\u00fclet\u0171 lak\u00e1s berendez\u00e9se k\u00f6z\u00f6tt?<\/strong><\/h4>\n\n\n\n<p class=\"has-text-align-justify\">Egy nagy lak\u00e1s eset\u00e9n el\u0151fordul, hogy m\u00e1r-m\u00e1r ink\u00e1bb megt\u00f6lteni neh\u00e9z a teret, m\u00edg egy pici lak\u00e1sn\u00e1l nagyon okosan ki kell haszn\u00e1lni minden n\u00e9gyzetm\u00e9tert.<\/p>\n\n\n\n<div class=\"wp-block-image\"><figure class=\"aligncenter size-large\"><img loading=\"lazy\" decoding=\"async\" width=\"1620\" height=\"1080\" src=\"https:\/\/butopea.com\/mlc\/wp-content\/uploads\/2020\/07\/FLTCO20200521_0227-1620x1080.jpg\" alt=\"Megfizethet\u0151 pr\u00e9mium alb\u00e9rlet - Flatco\" class=\"wp-image-5106\" srcset=\"https:\/\/butopea.com\/mlc\/wp-content\/uploads\/2020\/07\/FLTCO20200521_0227-1620x1080.jpg 1620w, https:\/\/butopea.com\/mlc\/wp-content\/uploads\/2020\/07\/FLTCO20200521_0227-1024x683.jpg 1024w, https:\/\/butopea.com\/mlc\/wp-content\/uploads\/2020\/07\/FLTCO20200521_0227-768x512.jpg 768w, https:\/\/butopea.com\/mlc\/wp-content\/uploads\/2020\/07\/FLTCO20200521_0227-1536x1024.jpg 1536w, https:\/\/butopea.com\/mlc\/wp-content\/uploads\/2020\/07\/FLTCO20200521_0227-2048x1365.jpg 2048w\" sizes=\"auto, (max-width: 1620px) 100vw, 1620px\" \/><\/figure><\/div>\n\n\n\n<p class=\"has-text-align-justify\">Egy kis lak\u00e1s eset\u00e9n nagyon fontos a benapozotts\u00e1g, f\u0151leg vil\u00e1gos sz\u00ednekben gondolkozunk, a falak \u00e1ltal\u00e1ban feh\u00e9rek maradnak. Itt a legfontosabb, hogy a be\u00e9p\u00edtett b\u00fatorok j\u00f3k \u00e9s j\u00f3 helyen legyenek. Letisztult vonalvezet\u00e9s\u0171 b\u00fatorokra van sz\u00fcks\u00e9g a rendetlens\u00e9g hat\u00e1s\u00e1t visszaszor\u00edtand\u00f3. A be\u00e9p\u00edtett b\u00fatorok pedig fontos, hogy illeszkedjenek a falak sz\u00edn\u00e9hez, hiszen egy\u00fctt adj\u00e1k a lak\u00e1s v\u00e1z\u00e1t. A t\u00fckr\u00f6kkel is lehet j\u00e1tszani a t\u00e9r\u00e9rzet n\u00f6vel\u00e9se \u00e9rdek\u00e9ben, persze nem szabad t\u00falz\u00e1sba esni. <\/p>\n\n\n\n<h4 class=\"wp-block-heading\"><strong>Cs.M.: A FLATCO gyakorlatilag b\u00e9relhet\u0151 otthonokat biztos\u00edt az embereknek. A te feladatod, hogy a megfizethet\u0151 alb\u00e9rlet egy megfizethet\u0151 pr\u00e9mium otthonn\u00e1 v\u00e1ljon, \u00e9s ne csak egy \u00e1tlagos alb\u00e9rletbe l\u00e9pjen az \u00fcgyf\u00e9l. Milyen eszk\u00f6z\u00f6kkel, m\u00f3dszerekkel \u00e9red el az otthon \u00e9rzetet?<\/strong><\/h4>\n\n\n\n<p class=\"has-text-align-justify\"><strong>Cs.V.:<\/strong> Legfontosabb eszk\u00f6z\u00f6m itt is a f\u00e9ny, a k\u00fcl\u00f6nb\u00f6z\u0151 f\u00e9nyekkel sok-sok k\u00fcl\u00f6nb\u00f6z\u0151 hangulatot lehet el\u00e9rni egy lak\u00e1sban, k\u00f6zt\u00fck az otthonoss\u00e1g \u00e9rz\u00e9s\u00e9t is. <\/p>\n\n\n\n<p class=\"has-text-align-justify\">Meleg \u00e1rnyalatokat haszn\u00e1lunk a konyh\u00e1ban, de a f\u00fcrd\u0151szob\u00e1ban \u00e1ltal\u00e1ban semlegeset. Seg\u00edti az otthon\u00e9rzetet a meleg, narancsos f\u00e9ny\u0171 \u00e1ll\u00f3l\u00e1mp\u00e1k, h\u00e1l\u00f3szobai l\u00e1mp\u00e1k h\u00edvogat\u00f3 jellege. <\/p>\n\n\n\n<div class=\"wp-block-image\"><figure class=\"aligncenter size-large\"><img loading=\"lazy\" decoding=\"async\" width=\"1119\" height=\"749\" src=\"https:\/\/butopea.com\/mlc\/wp-content\/uploads\/2020\/07\/panorama-butopea2.jpg\" alt=\"Flatco - megfizethet\u0151 alb\u00e9rlet\" class=\"wp-image-5047\" srcset=\"https:\/\/butopea.com\/mlc\/wp-content\/uploads\/2020\/07\/panorama-butopea2.jpg 1119w, https:\/\/butopea.com\/mlc\/wp-content\/uploads\/2020\/07\/panorama-butopea2-1024x685.jpg 1024w, https:\/\/butopea.com\/mlc\/wp-content\/uploads\/2020\/07\/panorama-butopea2-768x514.jpg 768w\" sizes=\"auto, (max-width: 1119px) 100vw, 1119px\" \/><\/figure><\/div>\n\n\n\n<p class=\"has-text-align-justify\">Nagyon fontos alkot\u00f3elem m\u00e9g az \u00e9l\u0151vil\u00e1g, a n\u00f6v\u00e9nyek z\u00f6ldje megnyugtat, bar\u00e1ts\u00e1goss\u00e1 teszi a k\u00f6rnyezetet 1-1 asztalon, vagy sarokban elhelyezett n\u00f6v\u00e9ny. <\/p>\n\n\n\n<p class=\"has-text-align-justify\">Sokan nem is gondoln\u00e1k, de a f\u00fcgg\u00f6ny\u00f6k, s\u00f6t\u00e9t\u00edt\u0151f\u00fcgg\u00f6ny\u00f6k is rendk\u00edv\u00fcli m\u00f3don \u00f6lt\u00f6ztetik a lak\u00e1st. Nagyon sokat sz\u00e1m\u00edt ezek sz\u00edne, mint\u00e1ja, anyaga is. J\u00f3l n\u00e9z ki t\u00f6bb k\u00fcl\u00f6nb\u00f6z\u0151, m\u00e9gis egym\u00e1ssal \u00f6sszeegyeztethet\u0151 d\u00edszp\u00e1rna is egym\u00e1s mellett. <\/p>\n\n\n\n<p class=\"has-text-align-justify\">Amikkel m\u00e9g szeretek j\u00e1tszani, azok a falik\u00e9pek. Nagyon fontos, hogy elgondolkodtat\u00f3, hangulatokat sug\u00e1rz\u00f3 k\u00e9peket haszn\u00e1ljunk. El\u0151fordul, hogy a b\u00e9rl\u0151k ezeket kicser\u00e9lik saj\u00e1t k\u00e9pekre, \u00e9s ezzel semmi baj, s\u0151t tal\u00e1n ez a legfontosabb alkot\u00f3eleme az otthonoss\u00e1gnak!<\/p>\n\n\n\n<h4 class=\"wp-block-heading\"><strong>Cs.M.: K\u00f6sz\u00f6nj\u00fck sz\u00e9pen az interj\u00fat! <\/strong><\/h4>\n\n\n\n<h2 class=\"wp-block-heading\">FLATCO &amp; BUTOPEA<\/h2>\n\n\n\n<p class=\"has-text-align-justify\">Mivel a FLATCO nagy figyelmet szentel a st\u00edlusra \u00e9s a magas min\u0151s\u00e9gre, k\u00fcl\u00f6n\u00f6sen b\u00fcszk\u00e9k vagyunk r\u00e1, hogy kiad\u00f3 otthonaikban a Butop\u00eaa b\u00fatoraival is tal\u00e1lkozhattok. A FLATCO az els\u0151, ahol egy megfizethet\u0151 alb\u00e9rlet nem csak st\u00edlusos, de jogilag is biztons\u00e1gos. <\/p>\n\n\n\n<div class=\"wp-block-image\"><figure class=\"aligncenter size-large\"><img loading=\"lazy\" decoding=\"async\" width=\"1279\" height=\"853\" src=\"https:\/\/butopea.com\/mlc\/wp-content\/uploads\/2020\/07\/e32-nappali.jpg\" alt=\"Butopea \u00e9s Flatco egy\u00fcttm\u0171k\u00f6d\u00e9s\" class=\"wp-image-5051\" srcset=\"https:\/\/butopea.com\/mlc\/wp-content\/uploads\/2020\/07\/e32-nappali.jpg 1279w, https:\/\/butopea.com\/mlc\/wp-content\/uploads\/2020\/07\/e32-nappali-1024x683.jpg 1024w, https:\/\/butopea.com\/mlc\/wp-content\/uploads\/2020\/07\/e32-nappali-768x512.jpg 768w\" sizes=\"auto, (max-width: 1279px) 100vw, 1279px\" \/><\/figure><\/div>\n\n\n\n<p class=\"has-text-align-justify\">Ha teh\u00e1t megfizethet\u0151 alb\u00e9rlet ut\u00e1n n\u00e9zn\u00e9nk, fontoljuk meg a FLATCO szolg\u00e1ltat\u00e1sait is, hiszen egy c\u00e9gt\u0151l b\u00e9relt lak\u00e1s sz\u00e1mos el\u0151nnyel b\u00edr. A FLATCO-n\u00e1l a szerel\u0151h\u00edv\u00e1s, a morcos f\u0151b\u00e9rl\u0151 \u00e9s a v\u00e1ratlan kilakoltat\u00e1s elker\u00fcl\u00e9se mellett gy\u00f6ny\u00f6r\u0171en berendezett szob\u00e1kkal \u00e9s okos funkci\u00f3kkal tal\u00e1lkozhatunk. <\/p>\n\n\n\n<p>K\u00e9pek forr\u00e1sa: <a href=\"https:\/\/flatco.hu\/\">FLATCO<\/a><\/p>\n\n\n\n<p><strong>A KREAT\u00cdV OTTHONTEREMT\u0150K INTERJ\u00daSOROZAT<\/strong><\/p>\n\n\n\n<p>1.&nbsp;<a href=\"https:\/\/butopea.com\/mlc\/interju-pesti-gaboval-a-kreativ-lakberendezo\/\">Interj\u00fa Pesti Gab\u00f3val, a kreat\u00edv lakberendez\u0151vel!<\/a><br>2.&nbsp;<a href=\"https:\/\/butopea.com\/mlc\/interju-hegedus-martival-aki-kreativ-otletek-soraval-inspiral-az-instagramon\/\">Interj\u00fa Heged\u0171s M\u00e1rtival, aki folyamatos kreat\u00edv \u00f6tletek r\u00e9v\u00e9n teremti \u00fajra otthon\u00e1t!<\/a><br>3. <a href=\"https:\/\/butopea.com\/mlc\/interju-cserta-szandraval-rendszerezes-mesterfokon\/\">Interj\u00fa Cserta Szandr\u00e1val, otthonszervez\u00e9si tan\u00e1csad\u00f3val!<\/a><\/p>\n","protected":false},"excerpt":{"rendered":"<p>Hisz\u00fcnk abban, hogy a kreativit\u00e1s \u00e9s az \u00f6tletess\u00e9g mindannyiunkban megvan, csak felsz\u00ednre kell hozni azt! Pontosan ez\u00e9rt d\u00f6nt\u00f6tt\u00fcnk \u00fagy, hogy inspir\u00e1ci\u00f3k\u00e9pp bemutatjuk nektek a mai magyar otthonteremt\u00e9s legkreat\u00edvabb szerepl\u0151it! Negyedik interj\u00fankban&nbsp;Cseke Vikt\u00f3ri\u00e1val, a FLATCO profi lakberendez\u0151j\u00e9vel besz\u00e9lget\u00fcnk. Viki mes\u00e9l nek\u00fcnk munk\u00e1ja \u00f6r\u00f6meir\u0151l \u00e9s kih\u00edv\u00e1sair\u00f3l, valamint arr\u00f3l, hogyan lehet egy megfizethet\u0151 alb\u00e9rlet egy igazi otthonos pr\u00e9mium &#8230;<\/p>\n","protected":false},"author":9,"featured_media":5114,"comment_status":"open","ping_status":"open","sticky":false,"template":"","format":"standard","meta":{"footnotes":""},"categories":[24],"tags":[248,28,106,5,29,120],"class_list":["post-4938","post","type-post","status-publish","format-standard","has-post-thumbnail","hentry","category-interjuk","tag-flatco","tag-kreativitas","tag-lakberendezes","tag-lakberendezesi-otletek","tag-lakberendezesi-stilusok","tag-lakberendezo"],"yoast_head":"<!-- This site is optimized with the Yoast SEO plugin v27.5 - https:\/\/yoast.com\/product\/yoast-seo-wordpress\/ -->\n<title>Interj\u00fa Cseke Vikt\u00f3ri\u00e1val - Megfizethet\u0151 alb\u00e9rlet pr\u00e9mium k\u00f6nt\u00f6sben - Butop\u00eaa<\/title>\n<meta name=\"description\" content=\"Cseke Vikt\u00f3ri\u00e1t k\u00e9rdezz\u00fck a lakberendez\u0151i szakma rejtelmeir\u0151l. Hogyan lehet egy megfizethet\u0151 alb\u00e9rlet egyben csod\u00e1san berendezett, premium lak\u00e1s?\" \/>\n<meta name=\"robots\" content=\"index, follow, max-snippet:-1, max-image-preview:large, max-video-preview:-1\" \/>\n<link rel=\"canonical\" href=\"https:\/\/butopea.com\/mlc\/interju-cseke-viktoriaval-megfizetheto-alberlet-premium-kontosben\/\" \/>\n<meta property=\"og:locale\" content=\"hu_HU\" \/>\n<meta property=\"og:type\" content=\"article\" \/>\n<meta property=\"og:title\" content=\"Interj\u00fa Cseke Vikt\u00f3ri\u00e1val - Megfizethet\u0151 alb\u00e9rlet pr\u00e9mium k\u00f6nt\u00f6sben - Butop\u00eaa\" \/>\n<meta property=\"og:description\" content=\"Cseke Vikt\u00f3ri\u00e1t k\u00e9rdezz\u00fck a lakberendez\u0151i szakma rejtelmeir\u0151l. Hogyan lehet egy megfizethet\u0151 alb\u00e9rlet egyben csod\u00e1san berendezett, premium lak\u00e1s?\" \/>\n<meta property=\"og:url\" content=\"https:\/\/butopea.com\/mlc\/interju-cseke-viktoriaval-megfizetheto-alberlet-premium-kontosben\/\" \/>\n<meta property=\"og:site_name\" content=\"My Little Corner by Butop\u00eaa\" \/>\n<meta property=\"article:publisher\" content=\"https:\/\/www.facebook.com\/butopeacom\" \/>\n<meta property=\"article:published_time\" content=\"2020-07-17T14:00:39+00:00\" \/>\n<meta property=\"og:image\" content=\"https:\/\/butopea.com\/mlc\/wp-content\/uploads\/2020\/07\/Butopea-3.jpg\" \/>\n\t<meta property=\"og:image:width\" content=\"1086\" \/>\n\t<meta property=\"og:image:height\" content=\"1086\" \/>\n\t<meta property=\"og:image:type\" content=\"image\/jpeg\" \/>\n<meta name=\"author\" content=\"Csorba M\u00f3r\" \/>\n<meta name=\"twitter:card\" content=\"summary_large_image\" \/>\n<meta name=\"twitter:creator\" content=\"@butopea\" \/>\n<meta name=\"twitter:site\" content=\"@butopea\" \/>\n<meta name=\"twitter:label1\" content=\"Szerz\u0151:\" \/>\n\t<meta name=\"twitter:data1\" content=\"Csorba M\u00f3r\" \/>\n\t<meta name=\"twitter:label2\" content=\"Becs\u00fclt olvas\u00e1si id\u0151\" \/>\n\t<meta name=\"twitter:data2\" content=\"8 perc\" \/>\n<!-- \/ Yoast SEO plugin. -->","yoast_head_json":{"title":"Interj\u00fa Cseke Vikt\u00f3ri\u00e1val - Megfizethet\u0151 alb\u00e9rlet pr\u00e9mium k\u00f6nt\u00f6sben - Butop\u00eaa","description":"Cseke Vikt\u00f3ri\u00e1t k\u00e9rdezz\u00fck a lakberendez\u0151i szakma rejtelmeir\u0151l. Hogyan lehet egy megfizethet\u0151 alb\u00e9rlet egyben csod\u00e1san berendezett, premium lak\u00e1s?","robots":{"index":"index","follow":"follow","max-snippet":"max-snippet:-1","max-image-preview":"max-image-preview:large","max-video-preview":"max-video-preview:-1"},"canonical":"https:\/\/butopea.com\/mlc\/interju-cseke-viktoriaval-megfizetheto-alberlet-premium-kontosben\/","og_locale":"hu_HU","og_type":"article","og_title":"Interj\u00fa Cseke Vikt\u00f3ri\u00e1val - Megfizethet\u0151 alb\u00e9rlet pr\u00e9mium k\u00f6nt\u00f6sben - Butop\u00eaa","og_description":"Cseke Vikt\u00f3ri\u00e1t k\u00e9rdezz\u00fck a lakberendez\u0151i szakma rejtelmeir\u0151l. Hogyan lehet egy megfizethet\u0151 alb\u00e9rlet egyben csod\u00e1san berendezett, premium lak\u00e1s?","og_url":"https:\/\/butopea.com\/mlc\/interju-cseke-viktoriaval-megfizetheto-alberlet-premium-kontosben\/","og_site_name":"My Little Corner by Butop\u00eaa","article_publisher":"https:\/\/www.facebook.com\/butopeacom","article_published_time":"2020-07-17T14:00:39+00:00","og_image":[{"width":1086,"height":1086,"url":"https:\/\/butopea.com\/mlc\/wp-content\/uploads\/2020\/07\/Butopea-3.jpg","type":"image\/jpeg"}],"author":"Csorba M\u00f3r","twitter_card":"summary_large_image","twitter_creator":"@butopea","twitter_site":"@butopea","twitter_misc":{"Szerz\u0151:":"Csorba M\u00f3r","Becs\u00fclt olvas\u00e1si id\u0151":"8 perc"},"schema":{"@context":"https:\/\/schema.org","@graph":[{"@type":"Article","@id":"https:\/\/butopea.com\/mlc\/interju-cseke-viktoriaval-megfizetheto-alberlet-premium-kontosben\/#article","isPartOf":{"@id":"https:\/\/butopea.com\/mlc\/interju-cseke-viktoriaval-megfizetheto-alberlet-premium-kontosben\/"},"author":{"name":"Csorba M\u00f3r","@id":"https:\/\/butopea.com\/mlc\/#\/schema\/person\/93aa4feb8653bb64d58dcaa3524e95c4"},"headline":"Interj\u00fa Cseke Vikt\u00f3ri\u00e1val &#8211; Megfizethet\u0151 alb\u00e9rlet pr\u00e9mium k\u00f6nt\u00f6sben","datePublished":"2020-07-17T14:00:39+00:00","mainEntityOfPage":{"@id":"https:\/\/butopea.com\/mlc\/interju-cseke-viktoriaval-megfizetheto-alberlet-premium-kontosben\/"},"wordCount":1607,"commentCount":0,"publisher":{"@id":"https:\/\/butopea.com\/mlc\/#organization"},"image":{"@id":"https:\/\/butopea.com\/mlc\/interju-cseke-viktoriaval-megfizetheto-alberlet-premium-kontosben\/#primaryimage"},"thumbnailUrl":"https:\/\/butopea.com\/mlc\/wp-content\/uploads\/2020\/07\/Butopea-3.jpg","keywords":["flatco","kreativit\u00e1s","lakberendez\u00e9s","lakberendez\u00e9si \u00f6tletek","lakberendez\u00e9si st\u00edlusok","lakberendez\u0151"],"articleSection":["Interj\u00fak"],"inLanguage":"hu","potentialAction":[{"@type":"CommentAction","name":"Comment","target":["https:\/\/butopea.com\/mlc\/interju-cseke-viktoriaval-megfizetheto-alberlet-premium-kontosben\/#respond"]}]},{"@type":"WebPage","@id":"https:\/\/butopea.com\/mlc\/interju-cseke-viktoriaval-megfizetheto-alberlet-premium-kontosben\/","url":"https:\/\/butopea.com\/mlc\/interju-cseke-viktoriaval-megfizetheto-alberlet-premium-kontosben\/","name":"Interj\u00fa Cseke Vikt\u00f3ri\u00e1val - Megfizethet\u0151 alb\u00e9rlet pr\u00e9mium k\u00f6nt\u00f6sben - Butop\u00eaa","isPartOf":{"@id":"https:\/\/butopea.com\/mlc\/#website"},"primaryImageOfPage":{"@id":"https:\/\/butopea.com\/mlc\/interju-cseke-viktoriaval-megfizetheto-alberlet-premium-kontosben\/#primaryimage"},"image":{"@id":"https:\/\/butopea.com\/mlc\/interju-cseke-viktoriaval-megfizetheto-alberlet-premium-kontosben\/#primaryimage"},"thumbnailUrl":"https:\/\/butopea.com\/mlc\/wp-content\/uploads\/2020\/07\/Butopea-3.jpg","datePublished":"2020-07-17T14:00:39+00:00","description":"Cseke Vikt\u00f3ri\u00e1t k\u00e9rdezz\u00fck a lakberendez\u0151i szakma rejtelmeir\u0151l. Hogyan lehet egy megfizethet\u0151 alb\u00e9rlet egyben csod\u00e1san berendezett, premium lak\u00e1s?","breadcrumb":{"@id":"https:\/\/butopea.com\/mlc\/interju-cseke-viktoriaval-megfizetheto-alberlet-premium-kontosben\/#breadcrumb"},"inLanguage":"hu","potentialAction":[{"@type":"ReadAction","target":["https:\/\/butopea.com\/mlc\/interju-cseke-viktoriaval-megfizetheto-alberlet-premium-kontosben\/"]}]},{"@type":"ImageObject","inLanguage":"hu","@id":"https:\/\/butopea.com\/mlc\/interju-cseke-viktoriaval-megfizetheto-alberlet-premium-kontosben\/#primaryimage","url":"https:\/\/butopea.com\/mlc\/wp-content\/uploads\/2020\/07\/Butopea-3.jpg","contentUrl":"https:\/\/butopea.com\/mlc\/wp-content\/uploads\/2020\/07\/Butopea-3.jpg","width":1086,"height":1086,"caption":"Cseke Vikt\u00f3ria lakberendez\u0151"},{"@type":"BreadcrumbList","@id":"https:\/\/butopea.com\/mlc\/interju-cseke-viktoriaval-megfizetheto-alberlet-premium-kontosben\/#breadcrumb","itemListElement":[{"@type":"ListItem","position":1,"name":"Home","item":"https:\/\/butopea.com\/mlc\/"},{"@type":"ListItem","position":2,"name":"Interj\u00fa Cseke Vikt\u00f3ri\u00e1val &#8211; Megfizethet\u0151 alb\u00e9rlet pr\u00e9mium k\u00f6nt\u00f6sben"}]},{"@type":"WebSite","@id":"https:\/\/butopea.com\/mlc\/#website","url":"https:\/\/butopea.com\/mlc\/","name":"My Little Corner by Butop\u00eaa","description":"Awaken your creativity","publisher":{"@id":"https:\/\/butopea.com\/mlc\/#organization"},"potentialAction":[{"@type":"SearchAction","target":{"@type":"EntryPoint","urlTemplate":"https:\/\/butopea.com\/mlc\/?s={search_term_string}"},"query-input":{"@type":"PropertyValueSpecification","valueRequired":true,"valueName":"search_term_string"}}],"inLanguage":"hu"},{"@type":"Organization","@id":"https:\/\/butopea.com\/mlc\/#organization","name":"Butop\u00eaa.com","url":"https:\/\/butopea.com\/mlc\/","logo":{"@type":"ImageObject","inLanguage":"hu","@id":"https:\/\/butopea.com\/mlc\/#\/schema\/logo\/image\/","url":"https:\/\/butopea.com\/mlc\/wp-content\/uploads\/2018\/02\/my-little-corner-by-butopea-logo.png","contentUrl":"https:\/\/butopea.com\/mlc\/wp-content\/uploads\/2018\/02\/my-little-corner-by-butopea-logo.png","width":176,"height":35,"caption":"Butop\u00eaa.com"},"image":{"@id":"https:\/\/butopea.com\/mlc\/#\/schema\/logo\/image\/"},"sameAs":["https:\/\/www.facebook.com\/butopeacom","https:\/\/x.com\/butopea","https:\/\/www.instagram.com\/butopea","https:\/\/pinterest.com\/butopea\/"]},{"@type":"Person","@id":"https:\/\/butopea.com\/mlc\/#\/schema\/person\/93aa4feb8653bb64d58dcaa3524e95c4","name":"Csorba M\u00f3r","image":{"@type":"ImageObject","inLanguage":"hu","@id":"https:\/\/secure.gravatar.com\/avatar\/2298060d40b9476155788bf4c170424506a93e99c7cbafb147e096c1ec0bc0fc?s=96&d=monsterid&r=g","url":"https:\/\/secure.gravatar.com\/avatar\/2298060d40b9476155788bf4c170424506a93e99c7cbafb147e096c1ec0bc0fc?s=96&d=monsterid&r=g","contentUrl":"https:\/\/secure.gravatar.com\/avatar\/2298060d40b9476155788bf4c170424506a93e99c7cbafb147e096c1ec0bc0fc?s=96&d=monsterid&r=g","caption":"Csorba M\u00f3r"},"description":"Kor\u00e1n r\u00e1j\u00f6ttem, hogy a mindennapi dolgokban val\u00f3 gy\u00f6ny\u00f6rk\u00f6d\u00e9st nem szabad megtagadnunk magunkt\u00f3l, \u00edgy tizen\u00e9ves korom \u00f3ta \u00e9letem szerves r\u00e9sz\u00e9t k\u00e9pezi a zene \u00e9s a tudom\u00e1ny. Mindig \u00fagy \u00e9reztem, hogy a kisz\u00e1m\u00edthatatlan m\u0171v\u00e9szi alkot\u00e1sok \u00e9s a j\u00f3l bev\u00e1lt \u00edzl\u00e9ses letisztults\u00e1g egyar\u00e1nt \u00e9rt\u00e9ket hordoznak, \u00e9s ezeket mindig \u00e9rdemes lesz hajszolni, legyen sz\u00f3 m\u0171v\u00e9szetekr\u0151l, \u00edr\u00e1sr\u00f3l vagy lakberendez\u00e9sr\u0151l. Hiszem, hogy kreat\u00edv v\u00e1laszt\u00e1saink r\u00e9v\u00e9n v\u00e1lunk t\u00f6bb\u00e9, mint amik tegnap voltunk.","url":"https:\/\/butopea.com\/mlc\/author\/csorba-mor\/"}]}},"_links":{"self":[{"href":"https:\/\/butopea.com\/mlc\/wp-json\/wp\/v2\/posts\/4938","targetHints":{"allow":["GET"]}}],"collection":[{"href":"https:\/\/butopea.com\/mlc\/wp-json\/wp\/v2\/posts"}],"about":[{"href":"https:\/\/butopea.com\/mlc\/wp-json\/wp\/v2\/types\/post"}],"author":[{"embeddable":true,"href":"https:\/\/butopea.com\/mlc\/wp-json\/wp\/v2\/users\/9"}],"replies":[{"embeddable":true,"href":"https:\/\/butopea.com\/mlc\/wp-json\/wp\/v2\/comments?post=4938"}],"version-history":[{"count":101,"href":"https:\/\/butopea.com\/mlc\/wp-json\/wp\/v2\/posts\/4938\/revisions"}],"predecessor-version":[{"id":5128,"href":"https:\/\/butopea.com\/mlc\/wp-json\/wp\/v2\/posts\/4938\/revisions\/5128"}],"wp:featuredmedia":[{"embeddable":true,"href":"https:\/\/butopea.com\/mlc\/wp-json\/wp\/v2\/media\/5114"}],"wp:attachment":[{"href":"https:\/\/butopea.com\/mlc\/wp-json\/wp\/v2\/media?parent=4938"}],"wp:term":[{"taxonomy":"category","embeddable":true,"href":"https:\/\/butopea.com\/mlc\/wp-json\/wp\/v2\/categories?post=4938"},{"taxonomy":"post_tag","embeddable":true,"href":"https:\/\/butopea.com\/mlc\/wp-json\/wp\/v2\/tags?post=4938"}],"curies":[{"name":"wp","href":"https:\/\/api.w.org\/{rel}","templated":true}]}}